{"id":10766,"date":"2013-07-13T23:08:19","date_gmt":"2013-07-13T23:08:19","guid":{"rendered":"http:\/\/entecultura.com.ar\/usina1\/?p=10766"},"modified":"2013-07-13T23:12:09","modified_gmt":"2013-07-13T23:12:09","slug":"el-primer-encuentro-sudamericano-kunuu-folklorico-paraguay-2013-culmino-con-mucho-exito","status":"publish","type":"post","link":"http:\/\/enteculturalsantafesino.com.ar\/usina1\/2013\/07\/el-primer-encuentro-sudamericano-kunuu-folklorico-paraguay-2013-culmino-con-mucho-exito\/","title":{"rendered":"\u00abEl Primer Encuentro Sudamericano Kunu\u2019u Folkl\u00f3rico Paraguay 2013\u00bb culmin\u00f3 con mucho \u00e9xito!"},"content":{"rendered":"<p>Este emprendimiento es llevado adelante por el <b><i>Grupo Folkl\u00f3rico Kunu\u2019u Saite<\/i><\/b> en<a href=\"http:\/\/enteculturalsantafesino.com.ar\/usina1\/wp-content\/uploads\/2013\/07\/1001508_487082741373762_1006632285_n.jpg\" rel=\"lightbox[10766]\"><img loading=\"lazy\" decoding=\"async\" class=\"alignright size-medium wp-image-10767\" alt=\"1001508_487082741373762_1006632285_n\" src=\"http:\/\/enteculturalsantafesino.com.ar\/usina1\/wp-content\/uploads\/2013\/07\/1001508_487082741373762_1006632285_n-300x200.jpg\" width=\"300\" height=\"200\" srcset=\"http:\/\/enteculturalsantafesino.com.ar\/usina1\/wp-content\/uploads\/2013\/07\/1001508_487082741373762_1006632285_n-300x200.jpg 300w, http:\/\/enteculturalsantafesino.com.ar\/usina1\/wp-content\/uploads\/2013\/07\/1001508_487082741373762_1006632285_n.jpg 720w\" sizes=\"(max-width: 300px) 100vw, 300px\" \/><\/a><\/p>\n<p>distintos municipios de la Rep\u00fablica del Paraguay.<\/p>\n<p>El proyecto consiste en recorrer distintas localidades del pa\u00eds, del 5 al 13 de julio, ofreciendo lo mejor del folklore.<\/p>\n<p>El <b><i>Primer Encuentro Sudamericano Kunu\u2019u Folkl\u00f3rico<\/i><\/b> surge en retribuci\u00f3n a los dos a\u00f1os de intercambio cultural que tuvieron artistas paraguayos con la Provincia de Santa Fe, Argentina. Estos han sido recibidos all\u00ed con honores; como embajadores culturales.<\/p>\n<p>El festival recibi\u00f3 delegaciones art\u00edsticas provenientes de Argentina y Chile. En el programa se encuentran m\u00e1s de 100 artistas<\/p>\n<p><img loading=\"lazy\" decoding=\"async\" class=\"alignright size-medium wp-image-10769\" alt=\"999480_487082341373802_1493492671_n\" src=\"http:\/\/enteculturalsantafesino.com.ar\/usina1\/wp-content\/uploads\/2013\/07\/999480_487082341373802_1493492671_n-300x200.jpg\" width=\"300\" height=\"200\" srcset=\"http:\/\/enteculturalsantafesino.com.ar\/usina1\/wp-content\/uploads\/2013\/07\/999480_487082341373802_1493492671_n-300x200.jpg 300w, http:\/\/enteculturalsantafesino.com.ar\/usina1\/wp-content\/uploads\/2013\/07\/999480_487082341373802_1493492671_n.jpg 960w\" sizes=\"(max-width: 300px) 100vw, 300px\" \/><\/p>\n<p>en escena, junto a grupos locales de m\u00fasica y danza, logr\u00e1ndose as\u00ed, una importante movilizaci\u00f3n dentro del circuito art\u00edstico de cada localidad.<\/p>\n<p><em><span style=\"text-decoration: underline;\"><strong>Chore, Benjam\u00edn Aceval y Mariano Roque Alonso:<\/strong><\/span><\/em><\/p>\n<p>Finalizada la majestuosa e importante presentaci\u00f3n de las distintas delegaciones en la <a href=\"http:\/\/enteculturalsantafesino.com.ar\/usina1\/tag\/compartiendo-cultura\/#usina1\/2013\/07\/la-embajada-argentina-en-paraguay-se-pinto-de-celeste-y-blanco-con-nuestros-artistas\/\"><b><i>Embajada de Argentina en Pa<\/i><\/b><b><i>raguay<\/i><\/b> <\/a>durante el <em>D\u00eda de la Independencia<\/em> en nuestro pa\u00eds, la gira continu\u00f3 por las localidades de <b>Chore, Benjam\u00edn Aceval y en la noche de ayer en la Expo Feria Rural 2013- Mariano Roque Alonso<\/b>, <em>dentro del marco del Primer Encuentro Sudamericano Kunu`u <\/em><i>folclorico<\/i><br \/>\n<strong><em><span style=\"text-decoration: underline;\">Clausura del Festival en Asunci\u00f3n:<\/span><\/em><\/strong><\/p>\n<p>La clausura del \u201cPrimer Encuentro Sudamericano Kunu\u2019u Folkl\u00f3rico Paraguay 2013\u201d tendr\u00e1 su clausura este s\u00e1bado 13 de julio, a las 10 horas, en la calle Palma.<\/p>\n<p><img loading=\"lazy\" decoding=\"async\" class=\"alignright size-medium wp-image-10768\" alt=\"944765_10200726068808609_1112448135_n\" src=\"http:\/\/enteculturalsantafesino.com.ar\/usina1\/wp-content\/uploads\/2013\/07\/944765_10200726068808609_1112448135_n-300x224.jpg\" width=\"300\" height=\"224\" srcset=\"http:\/\/enteculturalsantafesino.com.ar\/usina1\/wp-content\/uploads\/2013\/07\/944765_10200726068808609_1112448135_n-300x224.jpg 300w, http:\/\/enteculturalsantafesino.com.ar\/usina1\/wp-content\/uploads\/2013\/07\/944765_10200726068808609_1112448135_n.jpg 526w\" sizes=\"(max-width: 300px) 100vw, 300px\" \/><\/p>\n<p>La organizaci\u00f3n del evento estuvo a cargo del Grupo Folkl\u00f3rico Kunu\u2019\u00fb Saite, de San Lorenzo, La Municipalidad de Asunci\u00f3n, La escuela privada Am\u00e9rica de San Antonio, La Municipalidad de San Antonio, El Ballet Cordillerano de Itacurub\u00ed, y La Municipalidad de San Bernardino.<\/p>\n<p>Los objetivos fueron\u00a0 integrar y dar a conocer\u00a0 la riqueza danc\u00edstica y musical de nuestras culturas y de nuestros pueblos.<\/p>\n<p>Este evento se llev\u00f3 a cabo del 5 al 13 de julio de 2013 en distintas localidades del Paraguay.<\/p>\n<p><b><i>La Compa\u00f1\u00eda Alma Argentina (Correa) A\u00f1oranzas (Mar\u00eda Susana)<\/i><\/b><i> junto a Delegaciones de Paraguay, Chile y Bolivia, integraron pueblos, difundieron arte, \u201cCompartieron Cultura\u201d!<\/i><\/p>\n<p><em><b>Agradecemos al Ballet Cordillerano por las im\u00e1genes.<\/b><\/em><\/p>\n","protected":false},"excerpt":{"rendered":"<p>Este emprendimiento es llevado adelante por el Grupo Folkl\u00f3rico Kunu\u2019u Saite en distintos municipios de la Rep\u00fablica [&hellip;]<\/p>\n","protected":false},"author":3,"featured_media":10769,"comment_status":"closed","ping_status":"closed","sticky":false,"template":"","format":"standard","meta":{"_jetpack_memberships_contains_paid_content":false,"footnotes":"","jetpack_publicize_message":"","jetpack_publicize_feature_enabled":true,"jetpack_social_post_already_shared":false,"jetpack_social_options":{"image_generator_settings":{"template":"highway","enabled":false}}},"categories":[21,30],"tags":[36,35],"jetpack_publicize_connections":[],"jetpack_sharing_enabled":true,"jetpack_featured_media_url":"http:\/\/enteculturalsantafesino.com.ar\/usina1\/wp-content\/uploads\/2013\/07\/999480_487082341373802_1493492671_n.jpg","_links":{"self":[{"href":"http:\/\/enteculturalsantafesino.com.ar\/usina1\/wp-json\/wp\/v2\/posts\/10766"}],"collection":[{"href":"http:\/\/enteculturalsantafesino.com.ar\/usina1\/wp-json\/wp\/v2\/posts"}],"about":[{"href":"http:\/\/enteculturalsantafesino.com.ar\/usina1\/wp-json\/wp\/v2\/types\/post"}],"author":[{"embeddable":true,"href":"http:\/\/enteculturalsantafesino.com.ar\/usina1\/wp-json\/wp\/v2\/users\/3"}],"replies":[{"embeddable":true,"href":"http:\/\/enteculturalsantafesino.com.ar\/usina1\/wp-json\/wp\/v2\/comments?post=10766"}],"version-history":[{"count":0,"href":"http:\/\/enteculturalsantafesino.com.ar\/usina1\/wp-json\/wp\/v2\/posts\/10766\/revisions"}],"wp:featuredmedia":[{"embeddable":true,"href":"http:\/\/enteculturalsantafesino.com.ar\/usina1\/wp-json\/wp\/v2\/media\/10769"}],"wp:attachment":[{"href":"http:\/\/enteculturalsantafesino.com.ar\/usina1\/wp-json\/wp\/v2\/media?parent=10766"}],"wp:term":[{"taxonomy":"category","embeddable":true,"href":"http:\/\/enteculturalsantafesino.com.ar\/usina1\/wp-json\/wp\/v2\/categories?post=10766"},{"taxonomy":"post_tag","embeddable":true,"href":"http:\/\/enteculturalsantafesino.com.ar\/usina1\/wp-json\/wp\/v2\/tags?post=10766"}],"curies":[{"name":"wp","href":"https:\/\/api.w.org\/{rel}","templated":true}]}}