{"id":10773,"date":"2013-07-14T20:05:19","date_gmt":"2013-07-14T20:05:19","guid":{"rendered":"http:\/\/entecultura.com.ar\/usina1\/?p=10773"},"modified":"2013-07-14T20:05:19","modified_gmt":"2013-07-14T20:05:19","slug":"intercambio-cultural-entre-salto-uruguay-y-tortugas-santa-fe-argentina","status":"publish","type":"post","link":"http:\/\/enteculturalsantafesino.com.ar\/usina1\/2013\/07\/intercambio-cultural-entre-salto-uruguay-y-tortugas-santa-fe-argentina\/","title":{"rendered":"Intercambio Cultural entre Salto (Uruguay) y Tortugas-Santa Fe (Argentina)"},"content":{"rendered":"<p>El Prof. Silvio Previale, inici\u00f3 un camino de intercambio entre la Intendencia de Salto y<a href=\"http:\/\/enteculturalsantafesino.com.ar\/usina1\/wp-content\/uploads\/2013\/07\/mi_DSC05314.jpg\" rel=\"lightbox[10773]\"><img loading=\"lazy\" decoding=\"async\" class=\"alignright size-full wp-image-10774\" alt=\"mi_DSC05314\" src=\"http:\/\/enteculturalsantafesino.com.ar\/usina1\/wp-content\/uploads\/2013\/07\/mi_DSC05314.jpg\" width=\"260\" height=\"195\" \/><\/a><\/p>\n<p>la Comuna de Tortugas en la Provincia de Santa Fe &#8211; Argentina. Esta pasada semana el docente y m\u00fasico realiz\u00f3 diversas actividades entre talleres de acorde\u00f3n y conferencias en el \u00e1rea de la educaci\u00f3n y la sociolog\u00eda especialidades en las que se desempe\u00f1a en el CFE.<\/p>\n<p>La actividad cont\u00f3 con el respaldo municipal de Salto a trav\u00e9s de lo resuelto por la Intendencia (Exp. 2013\/8479) relacionando a nuestra ciudad con una localidad en la que el Maestro Silvio Previale (padre) supiera residir en su juventud, sirviendo de nexo para intercambios futuros, que en principio buscar\u00eda la participaci\u00f3n de J\u00f3venes de aquella localidad en la semana de la juventud en el mes de setiembre.<\/p>\n<p>En la oportunidad Silvio Previale pudo compartir la m\u00fasica del acorde\u00f3n con m\u00fasicos que supieron conocer y\/o acompa\u00f1ar a su padre en el pasado.<\/p>\n<p>&nbsp;<\/p>\n","protected":false},"excerpt":{"rendered":"<p>El Prof. Silvio Previale, inici\u00f3 un camino de intercambio entre la Intendencia de Salto y la Comuna [&hellip;]<\/p>\n","protected":false},"author":3,"featured_media":10774,"comment_status":"closed","ping_status":"closed","sticky":false,"template":"","format":"standard","meta":{"_jetpack_memberships_contains_paid_content":false,"footnotes":"","jetpack_publicize_message":"","jetpack_publicize_feature_enabled":true,"jetpack_social_post_already_shared":false,"jetpack_social_options":{"image_generator_settings":{"template":"highway","enabled":false}}},"categories":[31],"tags":[],"jetpack_publicize_connections":[],"jetpack_sharing_enabled":true,"jetpack_featured_media_url":"http:\/\/enteculturalsantafesino.com.ar\/usina1\/wp-content\/uploads\/2013\/07\/mi_DSC05314.jpg","_links":{"self":[{"href":"http:\/\/enteculturalsantafesino.com.ar\/usina1\/wp-json\/wp\/v2\/posts\/10773"}],"collection":[{"href":"http:\/\/enteculturalsantafesino.com.ar\/usina1\/wp-json\/wp\/v2\/posts"}],"about":[{"href":"http:\/\/enteculturalsantafesino.com.ar\/usina1\/wp-json\/wp\/v2\/types\/post"}],"author":[{"embeddable":true,"href":"http:\/\/enteculturalsantafesino.com.ar\/usina1\/wp-json\/wp\/v2\/users\/3"}],"replies":[{"embeddable":true,"href":"http:\/\/enteculturalsantafesino.com.ar\/usina1\/wp-json\/wp\/v2\/comments?post=10773"}],"version-history":[{"count":0,"href":"http:\/\/enteculturalsantafesino.com.ar\/usina1\/wp-json\/wp\/v2\/posts\/10773\/revisions"}],"wp:featuredmedia":[{"embeddable":true,"href":"http:\/\/enteculturalsantafesino.com.ar\/usina1\/wp-json\/wp\/v2\/media\/10774"}],"wp:attachment":[{"href":"http:\/\/enteculturalsantafesino.com.ar\/usina1\/wp-json\/wp\/v2\/media?parent=10773"}],"wp:term":[{"taxonomy":"category","embeddable":true,"href":"http:\/\/enteculturalsantafesino.com.ar\/usina1\/wp-json\/wp\/v2\/categories?post=10773"},{"taxonomy":"post_tag","embeddable":true,"href":"http:\/\/enteculturalsantafesino.com.ar\/usina1\/wp-json\/wp\/v2\/tags?post=10773"}],"curies":[{"name":"wp","href":"https:\/\/api.w.org\/{rel}","templated":true}]}}