{"id":10777,"date":"2013-07-14T20:25:55","date_gmt":"2013-07-14T20:25:55","guid":{"rendered":"http:\/\/entecultura.com.ar\/usina1\/?p=10777"},"modified":"2013-07-14T20:25:55","modified_gmt":"2013-07-14T20:25:55","slug":"se-lanzo-la-fiesta-del-arte-en-el-trebol","status":"publish","type":"post","link":"http:\/\/enteculturalsantafesino.com.ar\/usina1\/2013\/07\/se-lanzo-la-fiesta-del-arte-en-el-trebol\/","title":{"rendered":"Se lanz\u00f3 la Fiesta del Arte en El Tr\u00e9bol"},"content":{"rendered":"<p>Fue en la ma\u00f1ana de este Jueves a trav\u00e9s de una Conferencia de Prensa en<a href=\"http:\/\/enteculturalsantafesino.com.ar\/usina1\/wp-content\/uploads\/2013\/07\/timthumb1.jpg\" rel=\"lightbox[10777]\"><img loading=\"lazy\" decoding=\"async\" class=\"alignright size-medium wp-image-10778\" alt=\"timthumb\" src=\"http:\/\/enteculturalsantafesino.com.ar\/usina1\/wp-content\/uploads\/2013\/07\/timthumb1-300x192.jpg\" width=\"300\" height=\"192\" srcset=\"http:\/\/enteculturalsantafesino.com.ar\/usina1\/wp-content\/uploads\/2013\/07\/timthumb1-300x192.jpg 300w, http:\/\/enteculturalsantafesino.com.ar\/usina1\/wp-content\/uploads\/2013\/07\/timthumb1.jpg 590w\" sizes=\"(max-width: 300px) 100vw, 300px\" \/><\/a><\/p>\n<p>el N\u00facleo de Acceso al Conocimiento.<\/p>\n<p>En la ceremonia de presentaci\u00f3n estuvieron el Intendente Fernando Almada, la Directora de Educaci\u00f3n y Cultura de la Municipalidad, Alejandra Vismara, la Directora del Ballet El Tr\u00e9bol, Graciela Pons y el Escultor Mario Amurri.<\/p>\n<p>Dicha Fiesta de Arte atravesar\u00e1 este a\u00f1o su segunda edici\u00f3n y se llevar\u00e1 a cabo del 12 al 19 de Octubre en la ciudad.<\/p>\n<p>Adem\u00e1s, el 6to Simposio Nacional y 5to Internacional de Escultores contar\u00e1 con la participaci\u00f3n de 10 artistas de Argentina, Sudam\u00e9rica y Europa, mientras que en lo que respecta a Danzas, la Fiesta albergar\u00e1 a tres Ballets de distintos puntos del pa\u00eds.<\/p>\n<p>A\u00fan no se han definido cuales ser\u00e1n los Escultores que visitar\u00e1n la ciudad, ya que el plazo de tiempo para el env\u00edo de los proyectos es hasta el 28 de Julio.<\/p>\n<p>Lo que s\u00ed se ha confirmado es el listado de los Ballets Argentinos que sin dudas deslumbrar\u00e1n a la comunidad. Ellos son \u201cEstampas Norte\u00f1as\u201d de Piran\u00e9, Formosa, \u201cPampa y Senda\u201d de Bell Ville, Orquesta \u201cLa Biaba\u201d (Ganadora de Cosqu\u00edn 2013) y el propio Ballet de nuestra ciudad.<\/p>\n<p>\u201cSiempre decimos que en lo que abarca a educaci\u00f3n y cultura es una inversi\u00f3n la que se hace, la cual se ver\u00e1 reflejada a mediano y largo plazo. Estamos muy contentos de poder sumar una actividad como \u00e9sta a nuestra gesti\u00f3n y no tenemos dudas de que ser\u00e1 nuevamente un \u00e9xito total\u201d, dijo Vismara.<\/p>\n<p>Por su parte, Pons hizo referencia a cuatro pilares fundamentales que hacen posible la realizaci\u00f3n de esta Fiesta de Arte en la ciudad y se\u00f1al\u00f3: \u201cAc\u00e1 hay cuatro patas que posibilitan la concreci\u00f3n de la Fiesta de Arte en la ciudad. Esto inicia con la idea de Mario Amurri de traer a los Escultores a El Tr\u00e9bol, lo que sin dudas era algo in\u00e9dito para nosotros y que a\u00f1o a a\u00f1o no deja de sorprendernos. La segunda pata y esencial es la decisi\u00f3n Municipal de haber confiado en este proyecto de Mario desde hace ya algunos a\u00f1o. La tercera tiene que ver con esta idea de Ballet El Tr\u00e9bol que surge luego de conversaciones en las que defin\u00edamos que la danza y la m\u00fasica no pod\u00edan estar ausentes en esta notable demostraci\u00f3n del arte y la cuarta tiene que ver con todas esas personas voluntarias (Centro de D\u00eda, lo que cocinan, los que limpian, nuestras familias, los que armas), que no se ven, pero que conf\u00edan en que todo va a salir bien. Teniendo eso en cuenta y bien entendido por todos, ah\u00ed decidimos que est\u00e1bamos preparados para encarar esta segunda edici\u00f3n\u201d.<\/p>\n<p>Al momento de hablar sobre lo espec\u00edfico del Simposio de Escultores, Mario Amurri solt\u00f3: \u201cTendremos nuevamente un Simposio Internacional y de gran jerarqu\u00eda. Nosotros hemos enviado las bases del simposio con el reglamento como hacemos todos los a\u00f1os y la fecha tope para recibir los proyectos ser\u00e1 el 28 de Julio. Se va a trabajar en cinco maderas (Algarrobo) y cinco piedras (M\u00e1rmol). Ya hemos recibido proyectos de Brasil, Uruguay, Gran Breta\u00f1a, Portugal y Turqu\u00eda y estamos analizando y a la espera de recibir muchos m\u00e1s. Ser\u00e1 sin dudas un Simposio de gran nivel\u201d.<\/p>\n<p>Para finalizar, Almada manifest\u00f3: \u201cEs muy importante para nosotros poder tener estos eventos culturales en la ciudad. Simepre y sin dudarlo, apoyamos este evento, desde el Simposio y hasta ahora, fundamentalmente con la creaci\u00f3n de Ballet El Tr\u00e9bol de la Fiesta de Arte. Desde el Municipio aportaremos unos $100 mil, lo cual en realidad es poco si se compara con lo que queda en la ciudad en lo que refiere a patrimonio cultural. Adem\u00e1s, es muy importante que las empresas y las instituciones se acerquen y tambi\u00e9n participen de este tipo de espect\u00e1culo, ya que de esa manera, con la uni\u00f3n de lo p\u00fablico y lo privado, se van a poder hacer much\u00edsimas cosas m\u00e1s de aqu\u00ed en adelante\u201d.<\/p>\n","protected":false},"excerpt":{"rendered":"<p>Fue en la ma\u00f1ana de este Jueves a trav\u00e9s de una Conferencia de Prensa en el N\u00facleo [&hellip;]<\/p>\n","protected":false},"author":3,"featured_media":10778,"comment_status":"closed","ping_status":"closed","sticky":false,"template":"","format":"standard","meta":{"_jetpack_memberships_contains_paid_content":false,"footnotes":"","jetpack_publicize_message":"","jetpack_publicize_feature_enabled":true,"jetpack_social_post_already_shared":false,"jetpack_social_options":{"image_generator_settings":{"template":"highway","enabled":false}}},"categories":[18],"tags":[],"jetpack_publicize_connections":[],"jetpack_sharing_enabled":true,"jetpack_featured_media_url":"http:\/\/enteculturalsantafesino.com.ar\/usina1\/wp-content\/uploads\/2013\/07\/timthumb1.jpg","_links":{"self":[{"href":"http:\/\/enteculturalsantafesino.com.ar\/usina1\/wp-json\/wp\/v2\/posts\/10777"}],"collection":[{"href":"http:\/\/enteculturalsantafesino.com.ar\/usina1\/wp-json\/wp\/v2\/posts"}],"about":[{"href":"http:\/\/enteculturalsantafesino.com.ar\/usina1\/wp-json\/wp\/v2\/types\/post"}],"author":[{"embeddable":true,"href":"http:\/\/enteculturalsantafesino.com.ar\/usina1\/wp-json\/wp\/v2\/users\/3"}],"replies":[{"embeddable":true,"href":"http:\/\/enteculturalsantafesino.com.ar\/usina1\/wp-json\/wp\/v2\/comments?post=10777"}],"version-history":[{"count":0,"href":"http:\/\/enteculturalsantafesino.com.ar\/usina1\/wp-json\/wp\/v2\/posts\/10777\/revisions"}],"wp:featuredmedia":[{"embeddable":true,"href":"http:\/\/enteculturalsantafesino.com.ar\/usina1\/wp-json\/wp\/v2\/media\/10778"}],"wp:attachment":[{"href":"http:\/\/enteculturalsantafesino.com.ar\/usina1\/wp-json\/wp\/v2\/media?parent=10777"}],"wp:term":[{"taxonomy":"category","embeddable":true,"href":"http:\/\/enteculturalsantafesino.com.ar\/usina1\/wp-json\/wp\/v2\/categories?post=10777"},{"taxonomy":"post_tag","embeddable":true,"href":"http:\/\/enteculturalsantafesino.com.ar\/usina1\/wp-json\/wp\/v2\/tags?post=10777"}],"curies":[{"name":"wp","href":"https:\/\/api.w.org\/{rel}","templated":true}]}}