{"id":10819,"date":"2013-07-17T14:53:56","date_gmt":"2013-07-17T14:53:56","guid":{"rendered":"http:\/\/entecultura.com.ar\/usina1\/?p=10819"},"modified":"2013-07-17T14:53:56","modified_gmt":"2013-07-17T14:53:56","slug":"canada-de-gomez-vacaciones-con-la-muni-3","status":"publish","type":"post","link":"http:\/\/enteculturalsantafesino.com.ar\/usina1\/2013\/07\/canada-de-gomez-vacaciones-con-la-muni-3\/","title":{"rendered":"Ca\u00f1ada de G\u00f3mez: Vacaciones con la Muni"},"content":{"rendered":"<p>M\u00e1s de 300 chicos disfrutaron de las propuestas de Vacaciones de Invierno con la Muni<a href=\"http:\/\/enteculturalsantafesino.com.ar\/usina1\/wp-content\/uploads\/2013\/07\/1000422_326513787483735_1962665790_n.jpg\" rel=\"lightbox[10819]\"><img loading=\"lazy\" decoding=\"async\" class=\"alignright size-medium wp-image-10820\" alt=\"1000422_326513787483735_1962665790_n\" src=\"http:\/\/enteculturalsantafesino.com.ar\/usina1\/wp-content\/uploads\/2013\/07\/1000422_326513787483735_1962665790_n-300x168.jpg\" width=\"300\" height=\"168\" srcset=\"http:\/\/enteculturalsantafesino.com.ar\/usina1\/wp-content\/uploads\/2013\/07\/1000422_326513787483735_1962665790_n-300x168.jpg 300w, http:\/\/enteculturalsantafesino.com.ar\/usina1\/wp-content\/uploads\/2013\/07\/1000422_326513787483735_1962665790_n.jpg 853w\" sizes=\"(max-width: 300px) 100vw, 300px\" \/><\/a><\/p>\n<p>Pensando en los m\u00e1s chicos el Municipio ha organizado una serie de actividades en los espacios p\u00fablicos de la ciudad ubicados en distintos puntos cardinales. La propuesta es que los ni\u00f1os vivan unas vacaciones diferentes al aire libre<\/p>\n<p>El martes 16 de julio, los ni\u00f1os y ni\u00f1as de la ciudad disfrutaron del sol en el polideportivo V\u00edctor y Agulino Carbonari. All\u00ed hubo muchas actividades recreativas, juegos inflables y una merienda compartida en el cierre de la actividad.<\/p>\n<p>Los m\u00e1s de 300 chicos que se reunieron en el Poli disfrutaron de dibujos y juegos con rompecabezas a cargo del Taller V\u00eda M\u00e1gica, juegos deportivos como torneo de penales, carreras en zancos, carreras en sky, pisa globos y tumba latas.<\/p>\n<p>El tiempo acompa\u00f1\u00f3 con un sol radiante y este espacio p\u00fablico, en el sur de la ciudad, se vio colmado de ni\u00f1os y padres que acompa\u00f1aron sus hijos mientras disfrutaban de mates en familia.<\/p>\n<p>Las Vacaciones de Invierno con la Muni contin\u00faan el jueves 18, a las 14 horas, en plaza La Lomita y el domingo 21, a las 14 horas, en plaza San Mart\u00edn.<\/p>\n","protected":false},"excerpt":{"rendered":"<p>M\u00e1s de 300 chicos disfrutaron de las propuestas de Vacaciones de Invierno con la Muni Pensando en [&hellip;]<\/p>\n","protected":false},"author":3,"featured_media":10820,"comment_status":"closed","ping_status":"closed","sticky":false,"template":"","format":"standard","meta":{"_jetpack_memberships_contains_paid_content":false,"footnotes":"","jetpack_publicize_message":"","jetpack_publicize_feature_enabled":true,"jetpack_social_post_already_shared":false,"jetpack_social_options":{"image_generator_settings":{"template":"highway","enabled":false}}},"categories":[11],"tags":[],"jetpack_publicize_connections":[],"jetpack_sharing_enabled":true,"jetpack_featured_media_url":"http:\/\/enteculturalsantafesino.com.ar\/usina1\/wp-content\/uploads\/2013\/07\/1000422_326513787483735_1962665790_n.jpg","_links":{"self":[{"href":"http:\/\/enteculturalsantafesino.com.ar\/usina1\/wp-json\/wp\/v2\/posts\/10819"}],"collection":[{"href":"http:\/\/enteculturalsantafesino.com.ar\/usina1\/wp-json\/wp\/v2\/posts"}],"about":[{"href":"http:\/\/enteculturalsantafesino.com.ar\/usina1\/wp-json\/wp\/v2\/types\/post"}],"author":[{"embeddable":true,"href":"http:\/\/enteculturalsantafesino.com.ar\/usina1\/wp-json\/wp\/v2\/users\/3"}],"replies":[{"embeddable":true,"href":"http:\/\/enteculturalsantafesino.com.ar\/usina1\/wp-json\/wp\/v2\/comments?post=10819"}],"version-history":[{"count":0,"href":"http:\/\/enteculturalsantafesino.com.ar\/usina1\/wp-json\/wp\/v2\/posts\/10819\/revisions"}],"wp:featuredmedia":[{"embeddable":true,"href":"http:\/\/enteculturalsantafesino.com.ar\/usina1\/wp-json\/wp\/v2\/media\/10820"}],"wp:attachment":[{"href":"http:\/\/enteculturalsantafesino.com.ar\/usina1\/wp-json\/wp\/v2\/media?parent=10819"}],"wp:term":[{"taxonomy":"category","embeddable":true,"href":"http:\/\/enteculturalsantafesino.com.ar\/usina1\/wp-json\/wp\/v2\/categories?post=10819"},{"taxonomy":"post_tag","embeddable":true,"href":"http:\/\/enteculturalsantafesino.com.ar\/usina1\/wp-json\/wp\/v2\/tags?post=10819"}],"curies":[{"name":"wp","href":"https:\/\/api.w.org\/{rel}","templated":true}]}}