{"id":10823,"date":"2013-07-17T15:11:01","date_gmt":"2013-07-17T15:11:01","guid":{"rendered":"http:\/\/entecultura.com.ar\/usina1\/?p=10823"},"modified":"2013-07-17T15:11:01","modified_gmt":"2013-07-17T15:11:01","slug":"viruta-y-sudor-se-presento-en-san-genaro","status":"publish","type":"post","link":"http:\/\/enteculturalsantafesino.com.ar\/usina1\/2013\/07\/viruta-y-sudor-se-presento-en-san-genaro\/","title":{"rendered":"\u00abViruta y Sudor\u00bb se present\u00f3 en San Genaro"},"content":{"rendered":"<p>Present\u00f3 en nuestra ciudad su Obra: EL PATO VIAJERO . En esta ocasi\u00f3n el lugar elegido<a href=\"http:\/\/enteculturalsantafesino.com.ar\/usina1\/wp-content\/uploads\/2013\/07\/998224_602569499774147_1256589867_n.jpg\" rel=\"lightbox[10823]\"><img loading=\"lazy\" decoding=\"async\" class=\"alignright size-medium wp-image-10824\" alt=\"998224_602569499774147_1256589867_n\" src=\"http:\/\/enteculturalsantafesino.com.ar\/usina1\/wp-content\/uploads\/2013\/07\/998224_602569499774147_1256589867_n-300x199.jpg\" width=\"300\" height=\"199\" srcset=\"http:\/\/enteculturalsantafesino.com.ar\/usina1\/wp-content\/uploads\/2013\/07\/998224_602569499774147_1256589867_n-300x199.jpg 300w, http:\/\/enteculturalsantafesino.com.ar\/usina1\/wp-content\/uploads\/2013\/07\/998224_602569499774147_1256589867_n.jpg 320w\" sizes=\"(max-width: 300px) 100vw, 300px\" \/><\/a><\/p>\n<p>fue el Sal\u00f3n de Actos del Club Sportivo Rivadavia con\u00a0un lleno total, el grupo teatral de El Bols\u00f3n provincia de R\u00edo Negro, llev\u00f3 a cabo un novedoso espect\u00e1culo de t\u00edteres para los mas chiquitos. Esta actividad se enmarca en la Agenda de Vacaciones de Invierno que viene desarrollando la Coordinaci\u00f3n de Cultura del Municipio.<\/p>\n","protected":false},"excerpt":{"rendered":"<p>Present\u00f3 en nuestra ciudad su Obra: EL PATO VIAJERO . En esta ocasi\u00f3n el lugar elegido fue [&hellip;]<\/p>\n","protected":false},"author":3,"featured_media":10824,"comment_status":"closed","ping_status":"closed","sticky":false,"template":"","format":"standard","meta":{"_jetpack_memberships_contains_paid_content":false,"footnotes":"","jetpack_publicize_message":"","jetpack_publicize_feature_enabled":true,"jetpack_social_post_already_shared":false,"jetpack_social_options":{"image_generator_settings":{"template":"highway","enabled":false}}},"categories":[28],"tags":[],"jetpack_publicize_connections":[],"jetpack_sharing_enabled":true,"jetpack_featured_media_url":"http:\/\/enteculturalsantafesino.com.ar\/usina1\/wp-content\/uploads\/2013\/07\/998224_602569499774147_1256589867_n.jpg","_links":{"self":[{"href":"http:\/\/enteculturalsantafesino.com.ar\/usina1\/wp-json\/wp\/v2\/posts\/10823"}],"collection":[{"href":"http:\/\/enteculturalsantafesino.com.ar\/usina1\/wp-json\/wp\/v2\/posts"}],"about":[{"href":"http:\/\/enteculturalsantafesino.com.ar\/usina1\/wp-json\/wp\/v2\/types\/post"}],"author":[{"embeddable":true,"href":"http:\/\/enteculturalsantafesino.com.ar\/usina1\/wp-json\/wp\/v2\/users\/3"}],"replies":[{"embeddable":true,"href":"http:\/\/enteculturalsantafesino.com.ar\/usina1\/wp-json\/wp\/v2\/comments?post=10823"}],"version-history":[{"count":0,"href":"http:\/\/enteculturalsantafesino.com.ar\/usina1\/wp-json\/wp\/v2\/posts\/10823\/revisions"}],"wp:featuredmedia":[{"embeddable":true,"href":"http:\/\/enteculturalsantafesino.com.ar\/usina1\/wp-json\/wp\/v2\/media\/10824"}],"wp:attachment":[{"href":"http:\/\/enteculturalsantafesino.com.ar\/usina1\/wp-json\/wp\/v2\/media?parent=10823"}],"wp:term":[{"taxonomy":"category","embeddable":true,"href":"http:\/\/enteculturalsantafesino.com.ar\/usina1\/wp-json\/wp\/v2\/categories?post=10823"},{"taxonomy":"post_tag","embeddable":true,"href":"http:\/\/enteculturalsantafesino.com.ar\/usina1\/wp-json\/wp\/v2\/tags?post=10823"}],"curies":[{"name":"wp","href":"https:\/\/api.w.org\/{rel}","templated":true}]}}