{"id":10827,"date":"2013-07-17T15:45:01","date_gmt":"2013-07-17T15:45:01","guid":{"rendered":"http:\/\/entecultura.com.ar\/usina1\/?p=10827"},"modified":"2013-07-17T15:45:01","modified_gmt":"2013-07-17T15:45:01","slug":"totoras-vuelve-lecturitas","status":"publish","type":"post","link":"http:\/\/enteculturalsantafesino.com.ar\/usina1\/2013\/07\/totoras-vuelve-lecturitas\/","title":{"rendered":"Totoras: Vuelve \u00abLecturitas\u00bb"},"content":{"rendered":"<p>Este domingo 21 de julio, a partir de las 14.30 hs, en la Plaza de la Lectura (San Mart\u00edn y Laprida)<a href=\"http:\/\/enteculturalsantafesino.com.ar\/usina1\/wp-content\/uploads\/2013\/07\/1004809_398574070247160_615443966_n.jpg\" rel=\"lightbox[10827]\"><img loading=\"lazy\" decoding=\"async\" class=\"alignright size-medium wp-image-10828\" alt=\"1004809_398574070247160_615443966_n\" src=\"http:\/\/enteculturalsantafesino.com.ar\/usina1\/wp-content\/uploads\/2013\/07\/1004809_398574070247160_615443966_n-300x199.jpg\" width=\"300\" height=\"199\" srcset=\"http:\/\/enteculturalsantafesino.com.ar\/usina1\/wp-content\/uploads\/2013\/07\/1004809_398574070247160_615443966_n-300x199.jpg 300w, http:\/\/enteculturalsantafesino.com.ar\/usina1\/wp-content\/uploads\/2013\/07\/1004809_398574070247160_615443966_n.jpg 722w\" sizes=\"(max-width: 300px) 100vw, 300px\" \/><\/a><\/p>\n<p>se realizar\u00e1 una nueva edici\u00f3n de la jornada de lectura para ni\u00f1os organizada por Rotary Club, la Mutual del CATJ y la Municipalidad. Bajo el lema \u00abLe\u00e1mosle a los ni\u00f1os para que disfruten, el resto vendr\u00e1 solo\u00bb la propuesta pretende ofrecer cuentos y un mundo lleno de sorpresas.<\/p>\n","protected":false},"excerpt":{"rendered":"<p>Este domingo 21 de julio, a partir de las 14.30 hs, en la Plaza de la Lectura [&hellip;]<\/p>\n","protected":false},"author":3,"featured_media":10828,"comment_status":"closed","ping_status":"closed","sticky":false,"template":"","format":"standard","meta":{"_jetpack_memberships_contains_paid_content":false,"footnotes":"","jetpack_publicize_message":"","jetpack_publicize_feature_enabled":true,"jetpack_social_post_already_shared":false,"jetpack_social_options":{"image_generator_settings":{"template":"highway","enabled":false}}},"categories":[27],"tags":[],"jetpack_publicize_connections":[],"jetpack_sharing_enabled":true,"jetpack_featured_media_url":"http:\/\/enteculturalsantafesino.com.ar\/usina1\/wp-content\/uploads\/2013\/07\/1004809_398574070247160_615443966_n.jpg","_links":{"self":[{"href":"http:\/\/enteculturalsantafesino.com.ar\/usina1\/wp-json\/wp\/v2\/posts\/10827"}],"collection":[{"href":"http:\/\/enteculturalsantafesino.com.ar\/usina1\/wp-json\/wp\/v2\/posts"}],"about":[{"href":"http:\/\/enteculturalsantafesino.com.ar\/usina1\/wp-json\/wp\/v2\/types\/post"}],"author":[{"embeddable":true,"href":"http:\/\/enteculturalsantafesino.com.ar\/usina1\/wp-json\/wp\/v2\/users\/3"}],"replies":[{"embeddable":true,"href":"http:\/\/enteculturalsantafesino.com.ar\/usina1\/wp-json\/wp\/v2\/comments?post=10827"}],"version-history":[{"count":0,"href":"http:\/\/enteculturalsantafesino.com.ar\/usina1\/wp-json\/wp\/v2\/posts\/10827\/revisions"}],"wp:featuredmedia":[{"embeddable":true,"href":"http:\/\/enteculturalsantafesino.com.ar\/usina1\/wp-json\/wp\/v2\/media\/10828"}],"wp:attachment":[{"href":"http:\/\/enteculturalsantafesino.com.ar\/usina1\/wp-json\/wp\/v2\/media?parent=10827"}],"wp:term":[{"taxonomy":"category","embeddable":true,"href":"http:\/\/enteculturalsantafesino.com.ar\/usina1\/wp-json\/wp\/v2\/categories?post=10827"},{"taxonomy":"post_tag","embeddable":true,"href":"http:\/\/enteculturalsantafesino.com.ar\/usina1\/wp-json\/wp\/v2\/tags?post=10827"}],"curies":[{"name":"wp","href":"https:\/\/api.w.org\/{rel}","templated":true}]}}