{"id":10842,"date":"2013-07-19T20:06:34","date_gmt":"2013-07-19T20:06:34","guid":{"rendered":"http:\/\/entecultura.com.ar\/usina1\/?p=10842"},"modified":"2013-07-19T20:06:34","modified_gmt":"2013-07-19T20:06:34","slug":"nahuel-cantara-este-domingo-en-canada-de-gomez","status":"publish","type":"post","link":"http:\/\/enteculturalsantafesino.com.ar\/usina1\/2013\/07\/nahuel-cantara-este-domingo-en-canada-de-gomez\/","title":{"rendered":"Nahuel cantar\u00e1 este domingo en Ca\u00f1ada de G\u00f3mez"},"content":{"rendered":"<p>Organizado por la Municipalidad de Ca\u00f1ada de G\u00f3mez, el cantante, compositor,<a href=\"http:\/\/enteculturalsantafesino.com.ar\/usina1\/wp-content\/uploads\/2013\/07\/602469_493061177435312_606565090_n.jpg\" rel=\"lightbox[10842]\"><img loading=\"lazy\" decoding=\"async\" class=\"alignright size-medium wp-image-10843\" alt=\"602469_493061177435312_606565090_n\" src=\"http:\/\/enteculturalsantafesino.com.ar\/usina1\/wp-content\/uploads\/2013\/07\/602469_493061177435312_606565090_n-212x300.jpg\" width=\"212\" height=\"300\" srcset=\"http:\/\/enteculturalsantafesino.com.ar\/usina1\/wp-content\/uploads\/2013\/07\/602469_493061177435312_606565090_n-212x300.jpg 212w, http:\/\/enteculturalsantafesino.com.ar\/usina1\/wp-content\/uploads\/2013\/07\/602469_493061177435312_606565090_n.jpg 480w\" sizes=\"(max-width: 212px) 100vw, 212px\" \/><\/a><\/p>\n<p>guitarrero e int\u00e9rprete Carlos Porcel de Peralta, Nahuel, brindar\u00e1 un recital el domingo 21 de julio, a las 19 horas, en Casa del Bicentenario.<\/p>\n<p>Nahuel es un argentino radicado en M\u00e9xico desde hace a\u00f1os. Pa\u00eds donde ha desarrollado su extensa carrera en la m\u00fasica.<\/p>\n","protected":false},"excerpt":{"rendered":"<p>Organizado por la Municipalidad de Ca\u00f1ada de G\u00f3mez, el cantante, compositor, guitarrero e int\u00e9rprete Carlos Porcel de [&hellip;]<\/p>\n","protected":false},"author":3,"featured_media":10843,"comment_status":"closed","ping_status":"closed","sticky":false,"template":"","format":"standard","meta":{"_jetpack_memberships_contains_paid_content":false,"footnotes":"","jetpack_publicize_message":"","jetpack_publicize_feature_enabled":true,"jetpack_social_post_already_shared":false,"jetpack_social_options":{"image_generator_settings":{"template":"highway","enabled":false}}},"categories":[1],"tags":[],"jetpack_publicize_connections":[],"jetpack_sharing_enabled":true,"jetpack_featured_media_url":"http:\/\/enteculturalsantafesino.com.ar\/usina1\/wp-content\/uploads\/2013\/07\/602469_493061177435312_606565090_n.jpg","_links":{"self":[{"href":"http:\/\/enteculturalsantafesino.com.ar\/usina1\/wp-json\/wp\/v2\/posts\/10842"}],"collection":[{"href":"http:\/\/enteculturalsantafesino.com.ar\/usina1\/wp-json\/wp\/v2\/posts"}],"about":[{"href":"http:\/\/enteculturalsantafesino.com.ar\/usina1\/wp-json\/wp\/v2\/types\/post"}],"author":[{"embeddable":true,"href":"http:\/\/enteculturalsantafesino.com.ar\/usina1\/wp-json\/wp\/v2\/users\/3"}],"replies":[{"embeddable":true,"href":"http:\/\/enteculturalsantafesino.com.ar\/usina1\/wp-json\/wp\/v2\/comments?post=10842"}],"version-history":[{"count":0,"href":"http:\/\/enteculturalsantafesino.com.ar\/usina1\/wp-json\/wp\/v2\/posts\/10842\/revisions"}],"wp:featuredmedia":[{"embeddable":true,"href":"http:\/\/enteculturalsantafesino.com.ar\/usina1\/wp-json\/wp\/v2\/media\/10843"}],"wp:attachment":[{"href":"http:\/\/enteculturalsantafesino.com.ar\/usina1\/wp-json\/wp\/v2\/media?parent=10842"}],"wp:term":[{"taxonomy":"category","embeddable":true,"href":"http:\/\/enteculturalsantafesino.com.ar\/usina1\/wp-json\/wp\/v2\/categories?post=10842"},{"taxonomy":"post_tag","embeddable":true,"href":"http:\/\/enteculturalsantafesino.com.ar\/usina1\/wp-json\/wp\/v2\/tags?post=10842"}],"curies":[{"name":"wp","href":"https:\/\/api.w.org\/{rel}","templated":true}]}}