{"id":10846,"date":"2013-07-19T22:48:59","date_gmt":"2013-07-19T22:48:59","guid":{"rendered":"http:\/\/entecultura.com.ar\/usina1\/?p=10846"},"modified":"2013-07-19T22:48:59","modified_gmt":"2013-07-19T22:48:59","slug":"correa-valmorecord-venezuela-ya-encuentra-en-nuestro-suelo","status":"publish","type":"post","link":"http:\/\/enteculturalsantafesino.com.ar\/usina1\/2013\/07\/correa-valmorecord-venezuela-ya-encuentra-en-nuestro-suelo\/","title":{"rendered":"Correa: ValmoRecord-Venezuela ya encuentra en nuestro suelo"},"content":{"rendered":"<p>Los integrantes del grupo musical venezolano <strong>ValmoRecord<\/strong> ya se encuentra en<a href=\"http:\/\/enteculturalsantafesino.com.ar\/usina1\/wp-content\/uploads\/2013\/07\/1016894_624688527555033_406427260_n.jpg\" rel=\"lightbox[10846]\"><img loading=\"lazy\" decoding=\"async\" class=\"alignright size-medium wp-image-10848\" alt=\"1016894_624688527555033_406427260_n\" src=\"http:\/\/enteculturalsantafesino.com.ar\/usina1\/wp-content\/uploads\/2013\/07\/1016894_624688527555033_406427260_n-300x225.jpg\" width=\"300\" height=\"225\" srcset=\"http:\/\/enteculturalsantafesino.com.ar\/usina1\/wp-content\/uploads\/2013\/07\/1016894_624688527555033_406427260_n-300x225.jpg 300w, http:\/\/enteculturalsantafesino.com.ar\/usina1\/wp-content\/uploads\/2013\/07\/1016894_624688527555033_406427260_n.jpg 640w\" sizes=\"(max-width: 300px) 100vw, 300px\" \/><\/a><\/p>\n<p>nuestro pa\u00eds haciendo su primer arribo en la comunidad<\/p>\n<p>de <strong>Correa- Depto. Iriondo<\/strong>.<\/p>\n<p>A trav\u00e9s del<a href=\"http:\/\/enteculturalsantafesino.com.ar\/usina1\/tag\/compartiendo-cultura\/\"> Programa Cultural \u201cCompartiendo Cultura\u201d <\/a>el cual se desarrollar\u00e1 del <em>19 de julio al 10 de agosto<\/em>, en las distintas comunidades que integran el Ente Cultural se preparan para recibir esta nueva propuesta cultural que llega desde Venezuela y permite la interacci\u00f3n cultural entre pueblos latinoamericanos.<\/p>\n<p>Durante la tarde de este <strong><em>viernes 19<\/em><\/strong> compartieron de charlas, experiencias, recorriendo su historia musical con los ni\u00f1os del <strong>Centro de D\u00eda \u201cVamos de la mano\u00bb<\/strong><\/p>\n<p>\u201c<em>Sin lugar a dudas es un esfuerzo muy grande y una experiencia que se suma a otras propuestas internacionales, que podremos disfrutar desde lo humano y lo art\u00edstico\u201d, se\u00f1alo -Mariano Villarruel- Secretario de Cultura de Correa y Responsable de dicho Programa Cultural.<\/em><\/p>\n<p>Dicho grupo musical llevar\u00e1 a cabo presentaciones dentro del mapa cultural enmarcado por las diversas Usinas Culturales y sus comunidades llegando a distintos \u00e1mbitos y medios de difusi\u00f3n local y regional.<br \/>\nLas comunidades que recibir\u00e1n a los artistas Venezolanos son: <em>Correa, Mar\u00eda Juana, Sastre, San Vicente, Esperanza, Carlos Pellegrini, El Tr\u00e9bol, Salto Grande, S.M. de las Escobas, Mar\u00eda Susana, Ca\u00f1ada de G\u00f3mez.<\/em><\/p>\n<p><em><span style=\"text-decoration: underline;\"><strong>VALMORECORD:<\/strong><\/span><\/em><br \/>\nIntegrado por BIG MA\u00d1E (Joel Brice\u00f1o), TOTY (George Chourio), MR. KILL (Kilver Colmenares) y DR. JACKSON (John Chourio), cuatro amigos de la infancia, de Caja Seca; Estado Zulia Venezuela, comenzaron con la m\u00fasica en el a\u00f1o 2008 influenciados por artistas nacionales e internacionales quienes los inspiraban a escribir sus propios temas reflejando experiencias vividas. Hoy en d\u00eda, Valmorecord se ha convertido en una de las agrupaciones m\u00e1s reconocidas del Estado Zulia, Venezuela.<\/p>\n","protected":false},"excerpt":{"rendered":"<p>Los integrantes del grupo musical venezolano ValmoRecord ya se encuentra en nuestro pa\u00eds haciendo su primer arribo [&hellip;]<\/p>\n","protected":false},"author":3,"featured_media":10847,"comment_status":"closed","ping_status":"closed","sticky":false,"template":"","format":"standard","meta":{"_jetpack_memberships_contains_paid_content":false,"footnotes":"","jetpack_publicize_message":"","jetpack_publicize_feature_enabled":true,"jetpack_social_post_already_shared":false,"jetpack_social_options":{"image_generator_settings":{"template":"highway","enabled":false}}},"categories":[21],"tags":[36,35],"jetpack_publicize_connections":[],"jetpack_sharing_enabled":true,"jetpack_featured_media_url":"http:\/\/enteculturalsantafesino.com.ar\/usina1\/wp-content\/uploads\/2013\/07\/1001207_624689410888278_1145690248_n.jpg","_links":{"self":[{"href":"http:\/\/enteculturalsantafesino.com.ar\/usina1\/wp-json\/wp\/v2\/posts\/10846"}],"collection":[{"href":"http:\/\/enteculturalsantafesino.com.ar\/usina1\/wp-json\/wp\/v2\/posts"}],"about":[{"href":"http:\/\/enteculturalsantafesino.com.ar\/usina1\/wp-json\/wp\/v2\/types\/post"}],"author":[{"embeddable":true,"href":"http:\/\/enteculturalsantafesino.com.ar\/usina1\/wp-json\/wp\/v2\/users\/3"}],"replies":[{"embeddable":true,"href":"http:\/\/enteculturalsantafesino.com.ar\/usina1\/wp-json\/wp\/v2\/comments?post=10846"}],"version-history":[{"count":0,"href":"http:\/\/enteculturalsantafesino.com.ar\/usina1\/wp-json\/wp\/v2\/posts\/10846\/revisions"}],"wp:featuredmedia":[{"embeddable":true,"href":"http:\/\/enteculturalsantafesino.com.ar\/usina1\/wp-json\/wp\/v2\/media\/10847"}],"wp:attachment":[{"href":"http:\/\/enteculturalsantafesino.com.ar\/usina1\/wp-json\/wp\/v2\/media?parent=10846"}],"wp:term":[{"taxonomy":"category","embeddable":true,"href":"http:\/\/enteculturalsantafesino.com.ar\/usina1\/wp-json\/wp\/v2\/categories?post=10846"},{"taxonomy":"post_tag","embeddable":true,"href":"http:\/\/enteculturalsantafesino.com.ar\/usina1\/wp-json\/wp\/v2\/tags?post=10846"}],"curies":[{"name":"wp","href":"https:\/\/api.w.org\/{rel}","templated":true}]}}