{"id":10851,"date":"2013-07-20T20:36:31","date_gmt":"2013-07-20T20:36:31","guid":{"rendered":"http:\/\/entecultura.com.ar\/usina1\/?p=10851"},"modified":"2013-07-20T20:36:31","modified_gmt":"2013-07-20T20:36:31","slug":"bouquet-cine-en-vacaciones-2","status":"publish","type":"post","link":"http:\/\/enteculturalsantafesino.com.ar\/usina1\/2013\/07\/bouquet-cine-en-vacaciones-2\/","title":{"rendered":"Bouquet: \u00abCine en Vacaciones\u00bb"},"content":{"rendered":"<p>En la tarde del 19 de julio se proyect\u00f3 una pel\u00edcula para ni\u00f1os en<a href=\"http:\/\/enteculturalsantafesino.com.ar\/usina1\/wp-content\/uploads\/2013\/07\/1004617_10151485577290633_1412472285_n.jpg\" rel=\"lightbox[10851]\"><img loading=\"lazy\" decoding=\"async\" class=\"alignright size-medium wp-image-10852\" alt=\"1004617_10151485577290633_1412472285_n\" src=\"http:\/\/enteculturalsantafesino.com.ar\/usina1\/wp-content\/uploads\/2013\/07\/1004617_10151485577290633_1412472285_n-300x225.jpg\" width=\"300\" height=\"225\" srcset=\"http:\/\/enteculturalsantafesino.com.ar\/usina1\/wp-content\/uploads\/2013\/07\/1004617_10151485577290633_1412472285_n-300x225.jpg 300w, http:\/\/enteculturalsantafesino.com.ar\/usina1\/wp-content\/uploads\/2013\/07\/1004617_10151485577290633_1412472285_n.jpg 960w\" sizes=\"(max-width: 300px) 100vw, 300px\" \/><\/a><\/p>\n<p>el S.U.M. de la E.E.S.O. N\u00ba 352.<\/p>\n<p>Una gran cantidad de ni\u00f1os, algunos acompa\u00f1ados por sus padres, asistieron a disfrutar de la c\u00f3mica pel\u00edcula y pasar una tarde de vacaciones entre amigos.<\/p>\n","protected":false},"excerpt":{"rendered":"<p>En la tarde del 19 de julio se proyect\u00f3 una pel\u00edcula para ni\u00f1os en el S.U.M. de [&hellip;]<\/p>\n","protected":false},"author":3,"featured_media":10852,"comment_status":"closed","ping_status":"closed","sticky":false,"template":"","format":"standard","meta":{"_jetpack_memberships_contains_paid_content":false,"footnotes":"","jetpack_publicize_message":"","jetpack_publicize_feature_enabled":true,"jetpack_social_post_already_shared":false,"jetpack_social_options":{"image_generator_settings":{"template":"highway","enabled":false}}},"categories":[25],"tags":[],"jetpack_publicize_connections":[],"jetpack_sharing_enabled":true,"jetpack_featured_media_url":"http:\/\/enteculturalsantafesino.com.ar\/usina1\/wp-content\/uploads\/2013\/07\/1004617_10151485577290633_1412472285_n.jpg","_links":{"self":[{"href":"http:\/\/enteculturalsantafesino.com.ar\/usina1\/wp-json\/wp\/v2\/posts\/10851"}],"collection":[{"href":"http:\/\/enteculturalsantafesino.com.ar\/usina1\/wp-json\/wp\/v2\/posts"}],"about":[{"href":"http:\/\/enteculturalsantafesino.com.ar\/usina1\/wp-json\/wp\/v2\/types\/post"}],"author":[{"embeddable":true,"href":"http:\/\/enteculturalsantafesino.com.ar\/usina1\/wp-json\/wp\/v2\/users\/3"}],"replies":[{"embeddable":true,"href":"http:\/\/enteculturalsantafesino.com.ar\/usina1\/wp-json\/wp\/v2\/comments?post=10851"}],"version-history":[{"count":0,"href":"http:\/\/enteculturalsantafesino.com.ar\/usina1\/wp-json\/wp\/v2\/posts\/10851\/revisions"}],"wp:featuredmedia":[{"embeddable":true,"href":"http:\/\/enteculturalsantafesino.com.ar\/usina1\/wp-json\/wp\/v2\/media\/10852"}],"wp:attachment":[{"href":"http:\/\/enteculturalsantafesino.com.ar\/usina1\/wp-json\/wp\/v2\/media?parent=10851"}],"wp:term":[{"taxonomy":"category","embeddable":true,"href":"http:\/\/enteculturalsantafesino.com.ar\/usina1\/wp-json\/wp\/v2\/categories?post=10851"},{"taxonomy":"post_tag","embeddable":true,"href":"http:\/\/enteculturalsantafesino.com.ar\/usina1\/wp-json\/wp\/v2\/tags?post=10851"}],"curies":[{"name":"wp","href":"https:\/\/api.w.org\/{rel}","templated":true}]}}