{"id":10862,"date":"2013-07-22T13:32:28","date_gmt":"2013-07-22T13:32:28","guid":{"rendered":"http:\/\/entecultura.com.ar\/usina1\/?p=10862"},"modified":"2013-07-22T13:32:28","modified_gmt":"2013-07-22T13:32:28","slug":"los-debates-culturales-federales-llegan-a-santa-fe","status":"publish","type":"post","link":"http:\/\/enteculturalsantafesino.com.ar\/usina1\/2013\/07\/los-debates-culturales-federales-llegan-a-santa-fe\/","title":{"rendered":"Los \u00abDebates Culturales Federales\u00bb llegan a Santa Fe"},"content":{"rendered":"<p>El<a href=\"http:\/\/enteculturalsantafesino.com.ar\/usina2\/2013\/07\/llegan-los-debates-culturales-federales-a-santa-fe\/www.enteculturalsantafesino.com.ar\"><strong><em>\u00a0Ente Cultural de la provincia de Santa Fe<\/em>\u00a0<\/strong><\/a>junto\u00a0<a href=\"http:\/\/enteculturalsantafesino.com.ar\/usina1\/wp-content\/uploads\/2013\/07\/Flyers-EC-Debates.jpg\" rel=\"lightbox[10862]\"><img loading=\"lazy\" decoding=\"async\" class=\"alignright size-medium wp-image-10863\" alt=\"Flyers EC Debates\" src=\"http:\/\/enteculturalsantafesino.com.ar\/usina1\/wp-content\/uploads\/2013\/07\/Flyers-EC-Debates-300x182.jpg\" width=\"300\" height=\"182\" srcset=\"http:\/\/enteculturalsantafesino.com.ar\/usina1\/wp-content\/uploads\/2013\/07\/Flyers-EC-Debates-300x182.jpg 300w, http:\/\/enteculturalsantafesino.com.ar\/usina1\/wp-content\/uploads\/2013\/07\/Flyers-EC-Debates.jpg 468w\" sizes=\"(max-width: 300px) 100vw, 300px\" \/><\/a><\/p>\n<p>a la\u00a0<a href=\"http:\/\/www.cultura.gob.ar\/areas\/direccion-nacional-de-accion-federal\/\"><strong>Direcci\u00f3n Nacional de Acci\u00f3n Federal de la Secretar\u00eda de Cultura de la Naci\u00f3n<\/strong>\u00a0<\/a>y la<\/p>\n<p><strong><a href=\"http:\/\/www.cultura.gob.ar\/acciones\/debates-culturales-feedrales\/\">Dipu<strong>tada Nacional Claudia Giaccone<\/strong><\/a><\/strong><a href=\"http:\/\/www.cultura.gob.ar\/acciones\/debates-culturales-feedrales\/\">\u00a0<\/a>invitan a participar de los<a href=\"http:\/\/www.cultura.gob.ar\/acciones\/debates-culturales-feedrales\/\">\u00a0<\/a><strong><a href=\"http:\/\/www.cultura.gob.ar\/acciones\/debates-culturales-feedrales\/\"><strong>\u201cDebates Culturales Federales\u201d<\/strong><\/a>,\u00a0<\/strong>que se realizar\u00e1n en la localidad de\u00a0<strong>Sastre, el d\u00eda 26 de Julio a las 15:30 hs.<\/strong>\u00a0en las instalaciones del\u00a0<strong>Hotel Chacras del Sol<\/strong>.<strong><br \/>\n<\/strong><\/p>\n<p>Dicha propuesta es iniciativa de la\u00a0<strong><em>Secretar\u00eda de Cultura de la Naci\u00f3n<\/em><\/strong>, y propone como objetivo fundamental estimular la reflexi\u00f3n pol\u00edtico-cultural en todo el territorio, con miras a visualizar la cultura federal; fomentar la participaci\u00f3n de la ciudadan\u00eda cultural en las diversas regiones del pa\u00eds; y promover la participaci\u00f3n de intelectuales, investigadores, artistas y docentes de la Argentina.\u00a0<a href=\"http:\/\/www.cultura.gob.ar\/acciones\/debates-culturales-feedrales\/\"><strong><br \/>\n<\/strong><\/a><strong><\/strong><\/p>\n<p>Los\u00a0<strong>\u201cDebates Culturales Federales\u201d<\/strong>\u00a0han recorrido distintas ciudades del territorio argentino, y se promueven a trav\u00e9s de la\u00a0<strong>Direcci\u00f3n Nacional de Acci\u00f3n Federal<\/strong>, llegando a territorio santafesino en dos jornadas a desarrollarse en las localidades de\u00a0<em><strong>Sastre (Usina II)<\/strong>\u00a0<\/em>y en\u00a0<strong>San Genaro (Usina I)<\/strong>\u00a0durante el\u00a0<em>viernes 2 de agosto.<\/em><\/p>\n<p>Bajo la tem\u00e1tica:\u00a0<strong>\u201cLa democratizaci\u00f3n de la cultura en la era de la informaci\u00f3n, nuevas tecnolog\u00edas y regionalizaci\u00f3n de la cultura\u201d se desarrollar\u00e1 este primer encuentro a nivel nacional.<\/strong><\/p>\n<p><em>Los disertantes que conformar\u00e1n el panel ser\u00e1n \u00a0los siguientes:\u00a0<\/em><br \/>\n<strong>-Mercedes Gonzalez Bracco:<\/strong>\u00a0Licenciada y Profesora de Sociolog\u00eda por la (UBA). Especializaci\u00f3n en Gesti\u00f3n Cultural (UNS) por el Instituto de Altos Estudios Sociales de la Universidad Nacional de San Mart\u00edn. Especialista en Gesti\u00f3n Cultural.<br \/>\n&#8211;<strong>Prof. Alejandra Vismara:<\/strong>\u00a0Directora de Cultura y Educaci\u00f3n de el Tr\u00e9bol y Presidente del Ente Cultural de Santa Fe<br \/>\n&#8211;<strong>Facundo Abalo:<\/strong>\u00a0Lic . Comunicaci\u00f3n Social (UNP) . Director de Posgrado de la Facultad de Periodismo y Comunicaci\u00f3n Social (UNLP)<br \/>\n&#8211;<strong>Moderadora: M\u00f3nica Lacarrieu:<\/strong>\u00a0Lic. en Antropolog\u00eda UBA)<br \/>\n&#8211;<strong>Presentadora: Claudia Giaccone:<\/strong>\u00a0Diputada Nacional por la Provincia de Santa Fe<\/p>\n<p><em>El cierre de dicha jornada, ser\u00e1 a las 20hs con la presentaci\u00f3n de la Banda Municipal \u201cMaestro Atilio Bianchi\u201d<\/em><\/p>\n<p><em>El viernes 2 de agosto la segunda jornada de los \u201cDebates Culturales Federales\u201d se llevar\u00e1 a\u00a0cabo en la localidad de San Genaro en las instalaciones del Auditorio Sportivo Rivadavia a partir de las 15:30 bajo la tem\u00e1tica \u201c<strong>Cultura e Inclusi\u00f3n Social\u201d.<\/strong><\/em><\/p>\n<p>&nbsp;<\/p>\n","protected":false},"excerpt":{"rendered":"<p>El\u00a0Ente Cultural de la provincia de Santa Fe\u00a0junto\u00a0 a la\u00a0Direcci\u00f3n Nacional de Acci\u00f3n Federal de la Secretar\u00eda [&hellip;]<\/p>\n","protected":false},"author":3,"featured_media":10863,"comment_status":"closed","ping_status":"closed","sticky":false,"template":"","format":"standard","meta":{"_jetpack_memberships_contains_paid_content":false,"footnotes":"","jetpack_publicize_message":"","jetpack_publicize_feature_enabled":true,"jetpack_social_post_already_shared":false,"jetpack_social_options":{"image_generator_settings":{"template":"highway","enabled":false}}},"categories":[28,22],"tags":[],"jetpack_publicize_connections":[],"jetpack_sharing_enabled":true,"jetpack_featured_media_url":"http:\/\/enteculturalsantafesino.com.ar\/usina1\/wp-content\/uploads\/2013\/07\/Flyers-EC-Debates.jpg","_links":{"self":[{"href":"http:\/\/enteculturalsantafesino.com.ar\/usina1\/wp-json\/wp\/v2\/posts\/10862"}],"collection":[{"href":"http:\/\/enteculturalsantafesino.com.ar\/usina1\/wp-json\/wp\/v2\/posts"}],"about":[{"href":"http:\/\/enteculturalsantafesino.com.ar\/usina1\/wp-json\/wp\/v2\/types\/post"}],"author":[{"embeddable":true,"href":"http:\/\/enteculturalsantafesino.com.ar\/usina1\/wp-json\/wp\/v2\/users\/3"}],"replies":[{"embeddable":true,"href":"http:\/\/enteculturalsantafesino.com.ar\/usina1\/wp-json\/wp\/v2\/comments?post=10862"}],"version-history":[{"count":0,"href":"http:\/\/enteculturalsantafesino.com.ar\/usina1\/wp-json\/wp\/v2\/posts\/10862\/revisions"}],"wp:featuredmedia":[{"embeddable":true,"href":"http:\/\/enteculturalsantafesino.com.ar\/usina1\/wp-json\/wp\/v2\/media\/10863"}],"wp:attachment":[{"href":"http:\/\/enteculturalsantafesino.com.ar\/usina1\/wp-json\/wp\/v2\/media?parent=10862"}],"wp:term":[{"taxonomy":"category","embeddable":true,"href":"http:\/\/enteculturalsantafesino.com.ar\/usina1\/wp-json\/wp\/v2\/categories?post=10862"},{"taxonomy":"post_tag","embeddable":true,"href":"http:\/\/enteculturalsantafesino.com.ar\/usina1\/wp-json\/wp\/v2\/tags?post=10862"}],"curies":[{"name":"wp","href":"https:\/\/api.w.org\/{rel}","templated":true}]}}