{"id":10921,"date":"2013-07-26T13:17:16","date_gmt":"2013-07-26T13:17:16","guid":{"rendered":"http:\/\/entecultura.com.ar\/usina1\/?p=10921"},"modified":"2013-07-26T13:18:12","modified_gmt":"2013-07-26T13:18:12","slug":"bouquet-jornada-del-dia-del-nino","status":"publish","type":"post","link":"http:\/\/enteculturalsantafesino.com.ar\/usina1\/2013\/07\/bouquet-jornada-del-dia-del-nino\/","title":{"rendered":"Bouquet: Jornada del D\u00eda del Ni\u00f1o"},"content":{"rendered":"<p>El domingo 4 de agosto, festejaremos el D\u00eda del ni\u00f1o, frente a la plaza.<a href=\"http:\/\/enteculturalsantafesino.com.ar\/usina1\/wp-content\/uploads\/2013\/07\/untitled5.png\" rel=\"lightbox[10921]\"><img loading=\"lazy\" decoding=\"async\" class=\"alignright size-full wp-image-10922\" alt=\"untitled\" src=\"http:\/\/enteculturalsantafesino.com.ar\/usina1\/wp-content\/uploads\/2013\/07\/untitled5.png\" width=\"278\" height=\"181\" \/><\/a><\/p>\n<p>Compartiremos:<br \/>\n* Juegos.<br \/>\n* Obra de t\u00edtere \u00abEl pato viajero\u00bb.<br \/>\n* M\u00fasica.<br \/>\n* Inflables.<br \/>\n* Torta y chocolates.<br \/>\n* Golosinas, de regalo.<\/p>\n<p>\u00a1Y por supuesto, como todos los a\u00f1os, el sorteo de la bici!<\/p>\n<p>S\u00f3lo debes traer la taza y muchas ganas de divertirte.<\/p>\n<p>Desde las 14.30 hs.<\/p>\n<p>\u00a1TE ESPERAMOS!<\/p>\n<p>Organiza e invita: Secretar\u00eda de Cultura de la Comuna de Bouquet.<\/p>\n","protected":false},"excerpt":{"rendered":"<p>El domingo 4 de agosto, festejaremos el D\u00eda del ni\u00f1o, frente a la plaza. Compartiremos: * Juegos. [&hellip;]<\/p>\n","protected":false},"author":3,"featured_media":10922,"comment_status":"closed","ping_status":"closed","sticky":false,"template":"","format":"standard","meta":{"_jetpack_memberships_contains_paid_content":false,"footnotes":"","jetpack_publicize_message":"","jetpack_publicize_feature_enabled":true,"jetpack_social_post_already_shared":false,"jetpack_social_options":{"image_generator_settings":{"template":"highway","enabled":false}}},"categories":[25],"tags":[],"jetpack_publicize_connections":[],"jetpack_sharing_enabled":true,"jetpack_featured_media_url":"http:\/\/enteculturalsantafesino.com.ar\/usina1\/wp-content\/uploads\/2013\/07\/untitled5.png","_links":{"self":[{"href":"http:\/\/enteculturalsantafesino.com.ar\/usina1\/wp-json\/wp\/v2\/posts\/10921"}],"collection":[{"href":"http:\/\/enteculturalsantafesino.com.ar\/usina1\/wp-json\/wp\/v2\/posts"}],"about":[{"href":"http:\/\/enteculturalsantafesino.com.ar\/usina1\/wp-json\/wp\/v2\/types\/post"}],"author":[{"embeddable":true,"href":"http:\/\/enteculturalsantafesino.com.ar\/usina1\/wp-json\/wp\/v2\/users\/3"}],"replies":[{"embeddable":true,"href":"http:\/\/enteculturalsantafesino.com.ar\/usina1\/wp-json\/wp\/v2\/comments?post=10921"}],"version-history":[{"count":0,"href":"http:\/\/enteculturalsantafesino.com.ar\/usina1\/wp-json\/wp\/v2\/posts\/10921\/revisions"}],"wp:featuredmedia":[{"embeddable":true,"href":"http:\/\/enteculturalsantafesino.com.ar\/usina1\/wp-json\/wp\/v2\/media\/10922"}],"wp:attachment":[{"href":"http:\/\/enteculturalsantafesino.com.ar\/usina1\/wp-json\/wp\/v2\/media?parent=10921"}],"wp:term":[{"taxonomy":"category","embeddable":true,"href":"http:\/\/enteculturalsantafesino.com.ar\/usina1\/wp-json\/wp\/v2\/categories?post=10921"},{"taxonomy":"post_tag","embeddable":true,"href":"http:\/\/enteculturalsantafesino.com.ar\/usina1\/wp-json\/wp\/v2\/tags?post=10921"}],"curies":[{"name":"wp","href":"https:\/\/api.w.org\/{rel}","templated":true}]}}