{"id":11002,"date":"2013-07-31T13:47:29","date_gmt":"2013-07-31T13:47:29","guid":{"rendered":"http:\/\/entecultura.com.ar\/usina1\/?p=11002"},"modified":"2013-07-31T13:47:29","modified_gmt":"2013-07-31T13:47:29","slug":"canada-de-gomez-agosto-mes-del-nino","status":"publish","type":"post","link":"http:\/\/enteculturalsantafesino.com.ar\/usina1\/2013\/07\/canada-de-gomez-agosto-mes-del-nino\/","title":{"rendered":"Ca\u00f1ada de G\u00f3mez: Agosto Mes del Ni\u00f1o"},"content":{"rendered":"<p>Cine Infantil, Teatro de T\u00edteres, juegos, magia y mucho m\u00e1s en los espacios municipales<a href=\"http:\/\/enteculturalsantafesino.com.ar\/usina1\/wp-content\/uploads\/2013\/07\/1013250_332568253544955_280198212_n.jpg\" rel=\"lightbox[11002]\"><img loading=\"lazy\" decoding=\"async\" class=\"alignright size-medium wp-image-11003\" alt=\"1013250_332568253544955_280198212_n\" src=\"http:\/\/enteculturalsantafesino.com.ar\/usina1\/wp-content\/uploads\/2013\/07\/1013250_332568253544955_280198212_n-212x300.jpg\" width=\"212\" height=\"300\" srcset=\"http:\/\/enteculturalsantafesino.com.ar\/usina1\/wp-content\/uploads\/2013\/07\/1013250_332568253544955_280198212_n-212x300.jpg 212w, http:\/\/enteculturalsantafesino.com.ar\/usina1\/wp-content\/uploads\/2013\/07\/1013250_332568253544955_280198212_n.jpg 480w\" sizes=\"(max-width: 212px) 100vw, 212px\" \/><\/a><\/p>\n<p>En el marco del mes del ni\u00f1o el Municipio prepara una serie de actividades en diferentes espacios. Habr\u00e1 juegos, t\u00edteres, magia, payasos, cine con cl\u00e1sicos de Disney y mucho m\u00e1s.<\/p>\n<p>El domingo 4 de agosto, a las 14 horas, en plaza San Mart\u00edn los mas peque\u00f1os de la familia disfrutar\u00e1n de juegos infantiles, juegos deportivos con premios, actividades organizadas por Domingos en Familia, regalos especiales, kermesse, show en vivo con Tumba y Reao el mago y la presentaci\u00f3n del espect\u00e1culo infantil \u201cVarietales\u201d del Circo Lumiere.<\/p>\n<p>En Casa del Bicentenario se realizar\u00e1 un Ciclo de Cine Infantil Animado con los Cl\u00e1sicos de Disney. Los s\u00e1bados, a las 16 horas, con entrada libre y gratuita se proyectar\u00e1n: S\u00e1bado 3, 101 D\u00e1lmatas; s\u00e1bado 10, La Bella y La Bestia, s\u00e1bado 24, El Jorobado de Notre Dame; y el s\u00e1bado 31, Anastacia.<\/p>\n<p>El s\u00e1bado 17 no habr\u00e1 proyecci\u00f3n de cine porque se presentar\u00e1n las obras El Sue\u00f1o de Luc\u00eda y La M\u00e1quina Atrapamente en el marco del XVI Festival Latinoamericano de Teatro y T\u00edteres para Ni\u00f1os Argentina 2013.<\/p>\n<p>Organiza: Municipalidad de Ca\u00f1ada de G\u00f3mez<br \/>\nEntrada libre y gratuita<\/p>\n<p>&nbsp;<\/p>\n","protected":false},"excerpt":{"rendered":"<p>Cine Infantil, Teatro de T\u00edteres, juegos, magia y mucho m\u00e1s en los espacios municipales En el marco [&hellip;]<\/p>\n","protected":false},"author":3,"featured_media":11003,"comment_status":"closed","ping_status":"closed","sticky":false,"template":"","format":"standard","meta":{"_jetpack_memberships_contains_paid_content":false,"footnotes":"","jetpack_publicize_message":"","jetpack_publicize_feature_enabled":true,"jetpack_social_post_already_shared":false,"jetpack_social_options":{"image_generator_settings":{"template":"highway","enabled":false}}},"categories":[11],"tags":[],"jetpack_publicize_connections":[],"jetpack_sharing_enabled":true,"jetpack_featured_media_url":"http:\/\/enteculturalsantafesino.com.ar\/usina1\/wp-content\/uploads\/2013\/07\/1013250_332568253544955_280198212_n.jpg","_links":{"self":[{"href":"http:\/\/enteculturalsantafesino.com.ar\/usina1\/wp-json\/wp\/v2\/posts\/11002"}],"collection":[{"href":"http:\/\/enteculturalsantafesino.com.ar\/usina1\/wp-json\/wp\/v2\/posts"}],"about":[{"href":"http:\/\/enteculturalsantafesino.com.ar\/usina1\/wp-json\/wp\/v2\/types\/post"}],"author":[{"embeddable":true,"href":"http:\/\/enteculturalsantafesino.com.ar\/usina1\/wp-json\/wp\/v2\/users\/3"}],"replies":[{"embeddable":true,"href":"http:\/\/enteculturalsantafesino.com.ar\/usina1\/wp-json\/wp\/v2\/comments?post=11002"}],"version-history":[{"count":0,"href":"http:\/\/enteculturalsantafesino.com.ar\/usina1\/wp-json\/wp\/v2\/posts\/11002\/revisions"}],"wp:featuredmedia":[{"embeddable":true,"href":"http:\/\/enteculturalsantafesino.com.ar\/usina1\/wp-json\/wp\/v2\/media\/11003"}],"wp:attachment":[{"href":"http:\/\/enteculturalsantafesino.com.ar\/usina1\/wp-json\/wp\/v2\/media?parent=11002"}],"wp:term":[{"taxonomy":"category","embeddable":true,"href":"http:\/\/enteculturalsantafesino.com.ar\/usina1\/wp-json\/wp\/v2\/categories?post=11002"},{"taxonomy":"post_tag","embeddable":true,"href":"http:\/\/enteculturalsantafesino.com.ar\/usina1\/wp-json\/wp\/v2\/tags?post=11002"}],"curies":[{"name":"wp","href":"https:\/\/api.w.org\/{rel}","templated":true}]}}