{"id":11015,"date":"2013-07-31T14:19:10","date_gmt":"2013-07-31T14:19:10","guid":{"rendered":"http:\/\/entecultura.com.ar\/usina1\/?p=11015"},"modified":"2013-07-31T14:19:10","modified_gmt":"2013-07-31T14:19:10","slug":"los-debates-culturales-federales-llegan-a-san-genaro","status":"publish","type":"post","link":"http:\/\/enteculturalsantafesino.com.ar\/usina1\/2013\/07\/los-debates-culturales-federales-llegan-a-san-genaro\/","title":{"rendered":"Los \u00abDebates Culturales Federales\u00bb llegan a San Genaro"},"content":{"rendered":"<p>La <a href=\"http:\/\/cultura.gov.ar\">Secretar\u00eda de Cultura de la Presidencia de la Naci\u00f3n<\/a>, junto<a href=\"http:\/\/enteculturalsantafesino.com.ar\/usina1\/wp-content\/uploads\/2013\/07\/Flyers-EC-Debates.jpg\" rel=\"lightbox[11015]\"><img loading=\"lazy\" decoding=\"async\" class=\"alignright size-medium wp-image-10863\" alt=\"Flyers EC Debates\" src=\"http:\/\/enteculturalsantafesino.com.ar\/usina1\/wp-content\/uploads\/2013\/07\/Flyers-EC-Debates-300x182.jpg\" width=\"300\" height=\"182\" srcset=\"http:\/\/enteculturalsantafesino.com.ar\/usina1\/wp-content\/uploads\/2013\/07\/Flyers-EC-Debates-300x182.jpg 300w, http:\/\/enteculturalsantafesino.com.ar\/usina1\/wp-content\/uploads\/2013\/07\/Flyers-EC-Debates.jpg 468w\" sizes=\"(max-width: 300px) 100vw, 300px\" \/><\/a><\/p>\n<p>con el <a href=\"http:\/\/entecultura.gov.ar\">Ente Cultural de Santa Fe<\/a>, organiza el cuarto encuentro de los Debates Culturales Federales, el cual desarrollar\u00e1 el segundo encuentro el d\u00eda <strong>viernes 2 de agosto<\/strong> en la localidad de <strong>San Genaro<\/strong>.<br \/>\nEn esta oportunidad, las reflexiones girar\u00e1n en torno a la relaci\u00f3n entre Cultura Federal e Inclusi\u00f3n Social.<\/p>\n<p><strong>VIERNES 2 DE AGOSTO:<\/strong><br \/>\nAuditorio Planta Alta de Municipalidad\u2013 Localidad de San Genaro (Usina I).<br \/>\n<strong>Eje<\/strong>: \u201cCultura federal e inclusi\u00f3n social\u201d.<br \/>\n<strong><\/strong><\/p>\n<p><strong>A las 16<\/strong>: Mesa Debate<\/p>\n<p>Presentadora: Claudia Giaccone, Diputada nacional de FPV Santa Fe.<br \/>\nPanelistas: Romina Bianchini, licenciada y profesora en Sociolog\u00eda (UBA) con especializaci\u00f3n en Gesti\u00f3n Cultural (USAM); Luc\u00eda Dur\u00e1n, especialista en Gesti\u00f3n Cultural, Pol\u00edticas Culturales y Sociedad Civil y representantes del Club Atl\u00e9tico de San Jorge.<\/p>\n<p>Moderador: Mariano Villarruel- Secretaria de Cultura de Correa.<\/p>\n<p><strong>A las 20:<\/strong> Recital de Esteban Echaniz<\/p>\n<p>La Secretar\u00eda de Cultura de la Presidencia de la Naci\u00f3n, a trav\u00e9s de la Direcci\u00f3n Nacional de Acci\u00f3n Federal, lleva adelante el programa Debates Culturales Federales, cuyo objetivo es promover n\u00facleos de reflexi\u00f3n e intercambio pol\u00edtico-cultural en todo el territorio nacional.<br \/>\nTomando como punto de partida una idea federal de la cultura, esta iniciativa propone incentivar la participaci\u00f3n ciudadana y la multiplicidad de miradas que enriquecen el debate, instalan modos de pensar la realidad y proyectan nuevas formas de encarar los desaf\u00edos. Adem\u00e1s, paralelamente, el programa incluye diversas actividades art\u00edsticas como m\u00fasica, danza, pintura, video y fotograf\u00eda.<\/p>\n<p>&nbsp;<\/p>\n","protected":false},"excerpt":{"rendered":"<p>La Secretar\u00eda de Cultura de la Presidencia de la Naci\u00f3n, junto con el Ente Cultural de Santa [&hellip;]<\/p>\n","protected":false},"author":3,"featured_media":10863,"comment_status":"closed","ping_status":"closed","sticky":false,"template":"","format":"standard","meta":{"_jetpack_memberships_contains_paid_content":false,"footnotes":"","jetpack_publicize_message":"","jetpack_publicize_feature_enabled":true,"jetpack_social_post_already_shared":false,"jetpack_social_options":{"image_generator_settings":{"template":"highway","enabled":false}}},"categories":[28],"tags":[],"jetpack_publicize_connections":[],"jetpack_sharing_enabled":true,"jetpack_featured_media_url":"http:\/\/enteculturalsantafesino.com.ar\/usina1\/wp-content\/uploads\/2013\/07\/Flyers-EC-Debates.jpg","_links":{"self":[{"href":"http:\/\/enteculturalsantafesino.com.ar\/usina1\/wp-json\/wp\/v2\/posts\/11015"}],"collection":[{"href":"http:\/\/enteculturalsantafesino.com.ar\/usina1\/wp-json\/wp\/v2\/posts"}],"about":[{"href":"http:\/\/enteculturalsantafesino.com.ar\/usina1\/wp-json\/wp\/v2\/types\/post"}],"author":[{"embeddable":true,"href":"http:\/\/enteculturalsantafesino.com.ar\/usina1\/wp-json\/wp\/v2\/users\/3"}],"replies":[{"embeddable":true,"href":"http:\/\/enteculturalsantafesino.com.ar\/usina1\/wp-json\/wp\/v2\/comments?post=11015"}],"version-history":[{"count":0,"href":"http:\/\/enteculturalsantafesino.com.ar\/usina1\/wp-json\/wp\/v2\/posts\/11015\/revisions"}],"wp:featuredmedia":[{"embeddable":true,"href":"http:\/\/enteculturalsantafesino.com.ar\/usina1\/wp-json\/wp\/v2\/media\/10863"}],"wp:attachment":[{"href":"http:\/\/enteculturalsantafesino.com.ar\/usina1\/wp-json\/wp\/v2\/media?parent=11015"}],"wp:term":[{"taxonomy":"category","embeddable":true,"href":"http:\/\/enteculturalsantafesino.com.ar\/usina1\/wp-json\/wp\/v2\/categories?post=11015"},{"taxonomy":"post_tag","embeddable":true,"href":"http:\/\/enteculturalsantafesino.com.ar\/usina1\/wp-json\/wp\/v2\/tags?post=11015"}],"curies":[{"name":"wp","href":"https:\/\/api.w.org\/{rel}","templated":true}]}}