{"id":11018,"date":"2013-07-31T22:19:03","date_gmt":"2013-07-31T22:19:03","guid":{"rendered":"http:\/\/entecultura.com.ar\/usina1\/?p=11018"},"modified":"2013-07-31T22:19:03","modified_gmt":"2013-07-31T22:19:03","slug":"totoras-cantar-y-vivir","status":"publish","type":"post","link":"http:\/\/enteculturalsantafesino.com.ar\/usina1\/2013\/07\/totoras-cantar-y-vivir\/","title":{"rendered":"Totoras: \u00abCantar y Vivir\u00bb"},"content":{"rendered":"<p>Anoche se llev\u00f3 a cabo la presentaci\u00f3n del Taller Municipal de Canto<a href=\"http:\/\/enteculturalsantafesino.com.ar\/usina1\/wp-content\/uploads\/2013\/07\/954645_406030362834864_2004552215_n.jpg\" rel=\"lightbox[11018]\"><img loading=\"lazy\" decoding=\"async\" class=\"alignright size-medium wp-image-11019\" alt=\"954645_406030362834864_2004552215_n\" src=\"http:\/\/enteculturalsantafesino.com.ar\/usina1\/wp-content\/uploads\/2013\/07\/954645_406030362834864_2004552215_n-300x200.jpg\" width=\"300\" height=\"200\" srcset=\"http:\/\/enteculturalsantafesino.com.ar\/usina1\/wp-content\/uploads\/2013\/07\/954645_406030362834864_2004552215_n-300x200.jpg 300w, http:\/\/enteculturalsantafesino.com.ar\/usina1\/wp-content\/uploads\/2013\/07\/954645_406030362834864_2004552215_n.jpg 598w\" sizes=\"(max-width: 300px) 100vw, 300px\" \/><\/a><\/p>\n<p>bajo la direcci\u00f3n de la profesora Marisa Irusta, en el Centro Cultural de la Ciudad.<\/p>\n<p>Acompa\u00f1ados por Lautaro Gobbi, Federico Mena y Sebasti\u00e1n Alder, los participantes interpretaron canciones de distintos g\u00e9neros y autores, pasando por el tango, mel\u00f3dicos, folklore, nacionales, etc.<\/p>\n<p>Las clases se dictan los d\u00edas martes y para m\u00e1s informaci\u00f3n, los interesados pueden dirigirse a la Coordinaci\u00f3n de Actividades Culturales, con Elaine Escud\u00e9.<\/p>\n<p>El grupo est\u00e1 conformado por Silvina Griva, Carla Men\u00f3n, Jaquelina Romero, Liliana Rodr\u00edguez, Adri\u00e1n Alvarez, Luis Andrade, Adriana Pettacci, Anal\u00eda Santos, Celeste V\u00e1zquez, Andrea Hidalgo, Ernesto Corval\u00e1n, Valeria Fern\u00e1ndez, Emilse Gonz\u00e1lez, Florencia Bossio, Esteban Ferreyra.<br \/>\n\u00a1Felicitaciones!<\/p>\n","protected":false},"excerpt":{"rendered":"<p>Anoche se llev\u00f3 a cabo la presentaci\u00f3n del Taller Municipal de Canto bajo la direcci\u00f3n de la [&hellip;]<\/p>\n","protected":false},"author":3,"featured_media":11020,"comment_status":"closed","ping_status":"closed","sticky":false,"template":"","format":"standard","meta":{"_jetpack_memberships_contains_paid_content":false,"footnotes":"","jetpack_publicize_message":"","jetpack_publicize_feature_enabled":true,"jetpack_social_post_already_shared":false,"jetpack_social_options":{"image_generator_settings":{"template":"highway","enabled":false}}},"categories":[27],"tags":[],"jetpack_publicize_connections":[],"jetpack_sharing_enabled":true,"jetpack_featured_media_url":"http:\/\/enteculturalsantafesino.com.ar\/usina1\/wp-content\/uploads\/2013\/07\/1005451_406030366168197_345048853_n.jpg","_links":{"self":[{"href":"http:\/\/enteculturalsantafesino.com.ar\/usina1\/wp-json\/wp\/v2\/posts\/11018"}],"collection":[{"href":"http:\/\/enteculturalsantafesino.com.ar\/usina1\/wp-json\/wp\/v2\/posts"}],"about":[{"href":"http:\/\/enteculturalsantafesino.com.ar\/usina1\/wp-json\/wp\/v2\/types\/post"}],"author":[{"embeddable":true,"href":"http:\/\/enteculturalsantafesino.com.ar\/usina1\/wp-json\/wp\/v2\/users\/3"}],"replies":[{"embeddable":true,"href":"http:\/\/enteculturalsantafesino.com.ar\/usina1\/wp-json\/wp\/v2\/comments?post=11018"}],"version-history":[{"count":0,"href":"http:\/\/enteculturalsantafesino.com.ar\/usina1\/wp-json\/wp\/v2\/posts\/11018\/revisions"}],"wp:featuredmedia":[{"embeddable":true,"href":"http:\/\/enteculturalsantafesino.com.ar\/usina1\/wp-json\/wp\/v2\/media\/11020"}],"wp:attachment":[{"href":"http:\/\/enteculturalsantafesino.com.ar\/usina1\/wp-json\/wp\/v2\/media?parent=11018"}],"wp:term":[{"taxonomy":"category","embeddable":true,"href":"http:\/\/enteculturalsantafesino.com.ar\/usina1\/wp-json\/wp\/v2\/categories?post=11018"},{"taxonomy":"post_tag","embeddable":true,"href":"http:\/\/enteculturalsantafesino.com.ar\/usina1\/wp-json\/wp\/v2\/tags?post=11018"}],"curies":[{"name":"wp","href":"https:\/\/api.w.org\/{rel}","templated":true}]}}