{"id":11028,"date":"2013-08-01T19:36:58","date_gmt":"2013-08-01T19:36:58","guid":{"rendered":"http:\/\/entecultura.com.ar\/usina1\/?p=11028"},"modified":"2013-08-01T19:43:51","modified_gmt":"2013-08-01T19:43:51","slug":"carlos-pelegrini-valmo-record-impacto-en-el-acto-de-lanzamiento-de-la-fiesta-nacional-de-reinas","status":"publish","type":"post","link":"http:\/\/enteculturalsantafesino.com.ar\/usina1\/2013\/08\/carlos-pelegrini-valmo-record-impacto-en-el-acto-de-lanzamiento-de-la-fiesta-nacional-de-reinas\/","title":{"rendered":"Carlos Pellegrini: \u00abValmo Record\u00bb impact\u00f3 en el Acto de lanzamiento de la \u00abFiesta Nacional de Reinas\u00bb"},"content":{"rendered":"<p>En conferencia de prensa, el Grupo Organizador de la<a href=\"http:\/\/enteculturalsantafesino.com.ar\/usina1\/wp-content\/uploads\/2013\/08\/1012618_630060913684461_1572155117_n.jpg\" rel=\"lightbox[11028]\"><img loading=\"lazy\" decoding=\"async\" class=\"alignright size-medium wp-image-11029\" alt=\"1012618_630060913684461_1572155117_n\" src=\"http:\/\/enteculturalsantafesino.com.ar\/usina1\/wp-content\/uploads\/2013\/08\/1012618_630060913684461_1572155117_n-300x225.jpg\" width=\"300\" height=\"225\" srcset=\"http:\/\/enteculturalsantafesino.com.ar\/usina1\/wp-content\/uploads\/2013\/08\/1012618_630060913684461_1572155117_n-300x225.jpg 300w, http:\/\/enteculturalsantafesino.com.ar\/usina1\/wp-content\/uploads\/2013\/08\/1012618_630060913684461_1572155117_n.jpg 960w\" sizes=\"(max-width: 300px) 100vw, 300px\" \/><\/a><\/p>\n<p><strong>Fiesta Nacional de Reinas Nacionale<\/strong>s, anoche revel\u00f3 la grilla de espect\u00e1culos que la gente podr\u00e1 disfrutar en <strong><em>enero de 2014<\/em><\/strong>.<\/p>\n<p>En el Centro Cultural, tambi\u00e9n actu\u00f3 la banda <strong>Valmo Record,<\/strong> y trajeron la alegr\u00eda venezolana a la presentaci\u00f3n.<\/p>\n<p>En la mesa se encontraban el <em>Presidente de Americano, Sergio Meinero, el Presidente de la Comuna Carlos Davalle, la II Virreina Nacional de Reinas Nacionales Carolina Gonz\u00e1lez, la Reina de Americano Ana Paula El\u00edas, Silvia Grando, Omar Orgaz y Horacio Toraglio, del Grupo Organizador de la fiesta.<\/em><\/p>\n<p><span style=\"text-decoration: underline;\"><strong>\u00a0Programaci\u00f3n:<\/strong><\/span><\/p>\n<p><strong><em>JUEVES 16 ENERO 2014<\/em><\/strong><\/p>\n<p>Pe\u00f1a Folcl\u00f3rica con grupos locales y zonales<\/p>\n<p><em><strong>VIERNES 17 ENERO DE 2014<\/strong><\/em><\/p>\n<p>Presentaci\u00f3n de Reinas Nacionales, por la tarde.<\/p>\n<p>A la noche: Presentaci\u00f3n de Reinas del Deporte y del Club.<\/p>\n<p>Presentaci\u00f3n de Reinas Nacionales.<\/p>\n<p>Actuaci\u00f3n de GUSTAVO CORVAL\u00c1N, Ganador de La Voz Argentina<\/p>\n<p>Actuaci\u00f3n del GRUPO PLAY, Fabi y Romi.<\/p>\n<p>Actuaci\u00f3n de PABLO LUNA de Banda XXI.<\/p>\n<p><strong><em>S\u00c1BADO 18 DE ENERO DE 2014<a href=\"http:\/\/enteculturalsantafesino.com.ar\/usina1\/wp-content\/uploads\/2013\/08\/phpThumb_generated_thumbnail1.jpeg\" rel=\"lightbox[11028]\"><img loading=\"lazy\" decoding=\"async\" class=\"alignright size-full wp-image-11031\" alt=\"phpThumb_generated_thumbnail\" src=\"http:\/\/enteculturalsantafesino.com.ar\/usina1\/wp-content\/uploads\/2013\/08\/phpThumb_generated_thumbnail1.jpeg\" width=\"200\" height=\"150\" \/><\/a><\/em><\/strong><\/p>\n<p>Actuaci\u00f3n del Ballet Senderos Argentinos<\/p>\n<p>Cena en el Predio<\/p>\n<p>Actuaci\u00f3n de BRUNO ORGAZ, con show de m\u00fasica y canto con artistas de Rosario y Buenos Aires.<\/p>\n<p>Desfile de Postulantes, Elecci\u00f3n y Coronaci\u00f3n de las Reinas Nacionales.<\/p>\n<p>Fuegos Artificiales.<\/p>\n<p>Actuaci\u00f3n del Humorista EL CHAJ\u00c1.<\/p>\n<p>Actuaci\u00f3n de C\u00c9SAR \u201cBANANA\u201d PUEYRRED\u00d3N<\/p>\n<p>Actuaci\u00f3n de un grupo sorpresa<\/p>\n<p>Actuaci\u00f3n de LA PLAGA y GERM\u00c1N STAFFOLANI.<\/p>\n<p><em><strong>Todo el Ritmo de Valmo Record sobre el escenario del Centro Cultural<a href=\"http:\/\/enteculturalsantafesino.com.ar\/usina1\/wp-content\/uploads\/2013\/08\/phpThumb_generated_thumbnail.jpeg\" rel=\"lightbox[11028]\"><img loading=\"lazy\" decoding=\"async\" class=\"alignright size-full wp-image-11030\" alt=\"phpThumb_generated_thumbnail\" src=\"http:\/\/enteculturalsantafesino.com.ar\/usina1\/wp-content\/uploads\/2013\/08\/phpThumb_generated_thumbnail.jpeg\" width=\"200\" height=\"150\" \/><\/a><\/strong><\/em><\/p>\n<p>Desde Venezuela y de la mano del<a href=\"http:\/\/enteculturalsantafesino.com.ar\"> Ente \u00a0Cultural<\/a> y de la <em>Secretar\u00eda de Educaci\u00f3n y Cultura de la Comuna de Carlos Pellegrini<\/em>, lleg\u00f3 el grupo Valmo Record, y trajo toda la alegr\u00eda de los ritmos caribe\u00f1os. Muy buena presentaci\u00f3n, que sorprendi\u00f3 gratamente en la noche.<\/p>\n<p>Los integrantes de Valmo Record desde su llegada \u00a0a la localidad perteneciente al Depto San Mart\u00edn no dejaron de recibir atenciones y emociones destacando: \u00abt<em>uvimos una\u00a0grata sorpresa, fuimos declarados Hu\u00e9spedes de Honor por el\u00a0Presidente\u00a0Comunal Lic. Carlos Davalle en la comuna. Son las cosas que nos llenan de orgullo y nos motivan a seguir trabajando\u00bb.<\/em><\/p>\n<p>Durante la jornada del jueves 1 estar\u00e1n recorriendo los distintos establecimientos educativos y el viernes 2 se presentar\u00e1n en el Boliche \u00abLa Calle\u00bb para continuar activando la movida nocturna de nuestras comunidades santafesinas.<\/p>\n<p><strong>El Tr\u00e9bol<\/strong><\/p>\n<p>La Direcci\u00f3n de Cultura y Educaci\u00f3n informa que durante la jornada del <strong>viernes 2<\/strong> los integrantes de <strong>Valmo Record<\/strong> llegar\u00e1n a la ciudad para presentarse en los siguientes espacios educativos y culturales:<\/p>\n<p><em><strong>10 hs Escuela T\u00e9cnica<\/strong><\/em><\/p>\n<p><em><strong>11:15 hs Escuela Media<\/strong><\/em><\/p>\n<p><em><strong>21hs Auditorio Centro Cultural Cervantes- Entrada Libre y Gratuita<\/strong><\/em><\/p>\n<p><strong><em>Fuentes: portalpellegrinense, Valmo Record, Cultura El Tr\u00e9bol<\/em><\/strong><\/p>\n<p><em><strong>\u00a0<\/strong><\/em><\/p>\n","protected":false},"excerpt":{"rendered":"<p>En conferencia de prensa, el Grupo Organizador de la Fiesta Nacional de Reinas Nacionales, anoche revel\u00f3 la [&hellip;]<\/p>\n","protected":false},"author":3,"featured_media":11029,"comment_status":"closed","ping_status":"closed","sticky":false,"template":"","format":"standard","meta":{"_jetpack_memberships_contains_paid_content":false,"footnotes":"","jetpack_publicize_message":"","jetpack_publicize_feature_enabled":true,"jetpack_social_post_already_shared":false,"jetpack_social_options":{"image_generator_settings":{"template":"highway","enabled":false}}},"categories":[23],"tags":[36,35],"jetpack_publicize_connections":[],"jetpack_sharing_enabled":true,"jetpack_featured_media_url":"http:\/\/enteculturalsantafesino.com.ar\/usina1\/wp-content\/uploads\/2013\/08\/1012618_630060913684461_1572155117_n.jpg","_links":{"self":[{"href":"http:\/\/enteculturalsantafesino.com.ar\/usina1\/wp-json\/wp\/v2\/posts\/11028"}],"collection":[{"href":"http:\/\/enteculturalsantafesino.com.ar\/usina1\/wp-json\/wp\/v2\/posts"}],"about":[{"href":"http:\/\/enteculturalsantafesino.com.ar\/usina1\/wp-json\/wp\/v2\/types\/post"}],"author":[{"embeddable":true,"href":"http:\/\/enteculturalsantafesino.com.ar\/usina1\/wp-json\/wp\/v2\/users\/3"}],"replies":[{"embeddable":true,"href":"http:\/\/enteculturalsantafesino.com.ar\/usina1\/wp-json\/wp\/v2\/comments?post=11028"}],"version-history":[{"count":0,"href":"http:\/\/enteculturalsantafesino.com.ar\/usina1\/wp-json\/wp\/v2\/posts\/11028\/revisions"}],"wp:featuredmedia":[{"embeddable":true,"href":"http:\/\/enteculturalsantafesino.com.ar\/usina1\/wp-json\/wp\/v2\/media\/11029"}],"wp:attachment":[{"href":"http:\/\/enteculturalsantafesino.com.ar\/usina1\/wp-json\/wp\/v2\/media?parent=11028"}],"wp:term":[{"taxonomy":"category","embeddable":true,"href":"http:\/\/enteculturalsantafesino.com.ar\/usina1\/wp-json\/wp\/v2\/categories?post=11028"},{"taxonomy":"post_tag","embeddable":true,"href":"http:\/\/enteculturalsantafesino.com.ar\/usina1\/wp-json\/wp\/v2\/tags?post=11028"}],"curies":[{"name":"wp","href":"https:\/\/api.w.org\/{rel}","templated":true}]}}