{"id":11037,"date":"2013-08-03T17:17:41","date_gmt":"2013-08-03T17:17:41","guid":{"rendered":"http:\/\/entecultura.com.ar\/usina1\/?p=11037"},"modified":"2013-08-03T17:18:10","modified_gmt":"2013-08-03T17:18:10","slug":"ambito-c-programa-no-1-ciclo-2013","status":"publish","type":"post","link":"http:\/\/enteculturalsantafesino.com.ar\/usina1\/2013\/08\/ambito-c-programa-no-1-ciclo-2013\/","title":{"rendered":"\u00ab\u00c1mbito C\u00bb Programa N\u00ba 1 &#8211; Ciclo 2013"},"content":{"rendered":"<p>Este viernes 2 de 11 a 12 hs en los estudios de\u00a0<a href=\"http:\/\/www.contactoradio.net\">FM Contacto 100.9-Las Parejas<\/a><a href=\"http:\/\/enteculturalsantafesino.com.ar\/usina1\/wp-content\/uploads\/2013\/07\/Logo-Ambito-C.jpg\" rel=\"lightbox[11037]\"><img loading=\"lazy\" decoding=\"async\" class=\"alignright size-medium wp-image-10989\" alt=\"Logo Ambito C\" src=\"http:\/\/enteculturalsantafesino.com.ar\/usina1\/wp-content\/uploads\/2013\/07\/Logo-Ambito-C-263x300.jpg\" width=\"263\" height=\"300\" srcset=\"http:\/\/enteculturalsantafesino.com.ar\/usina1\/wp-content\/uploads\/2013\/07\/Logo-Ambito-C-263x300.jpg 263w, http:\/\/enteculturalsantafesino.com.ar\/usina1\/wp-content\/uploads\/2013\/07\/Logo-Ambito-C.jpg 627w\" sizes=\"(max-width: 263px) 100vw, 263px\" \/><\/a><\/p>\n<p>se emiti\u00f3 el Primer Programa Radial del Ciclo 2013, producido por el <a href=\"http:\/\/www.enteculturalsantafesino.com.ar\">Ente Cultural Santafesino,<\/a> <em>conducido por el Prof. Fernando Banegas y Gustavo Betorrello<\/em>\u00a0, \u00a0auspiciado por la <strong>Senadora del Depto. San Martin Cristina Berra y La Diputada Nacional Lic Claudia Giaccone.<\/strong><\/p>\n<p><a href=\"http:\/\/www.enteculturalsantafesino.com.ar\/ambitoc\">\u201cAmbito C<\/a>\u201d propone la relaci\u00f3n y difusi\u00f3n de las diversas actividades culturales de las 32 comunidades que integran dicho organismo cultural santafesinolas cuales se encuentran distribuidas en 4 Usinas Culturales<\/p>\n<p>Los <em><strong>M\u00f3viles Culturales<\/strong><\/em> llegaron desde: El Tr\u00e9bol- Prof. Mar\u00eda Alejandra Vismara-Directora de Cultura y Educaci\u00f3n difundiendo el <a href=\"http:\/\/enteculturalsantafesino.com.ar\/usina1\/tag\/compartiendo-cultura\/\">Programa \u00abCompartiendo Cultura<\/a>\u00bb a trav\u00e9s de la presencia del grupo musical venezolano \u00abValmo Record\u00bb<\/p>\n<p><em><strong>Las entrevistas de la jornada fueron para<\/strong><\/em> :Valmo Record- Venezuela,\u00a0&#8211; Oscar \u00abLito\u00bb Cruz, Diputada Nacional Lic. Claudia Giaccone<\/p>\n<p>Escuch\u00e1 nuestro programa en <a href=\"http:\/\/www.enteculturalsantafesino.com.ar\/ambitoc\">www.enteculturalsantafesino.com.ar\/ambitoc<\/a><\/p>\n","protected":false},"excerpt":{"rendered":"<p>Este viernes 2 de 11 a 12 hs en los estudios de\u00a0FM Contacto 100.9-Las Parejas se emiti\u00f3 [&hellip;]<\/p>\n","protected":false},"author":3,"featured_media":10989,"comment_status":"closed","ping_status":"closed","sticky":false,"template":"","format":"standard","meta":{"_jetpack_memberships_contains_paid_content":false,"footnotes":"","jetpack_publicize_message":"","jetpack_publicize_feature_enabled":true,"jetpack_social_post_already_shared":false,"jetpack_social_options":{"image_generator_settings":{"template":"highway","enabled":false}}},"categories":[38],"tags":[],"jetpack_publicize_connections":[],"jetpack_sharing_enabled":true,"jetpack_featured_media_url":"http:\/\/enteculturalsantafesino.com.ar\/usina1\/wp-content\/uploads\/2013\/07\/Logo-Ambito-C.jpg","_links":{"self":[{"href":"http:\/\/enteculturalsantafesino.com.ar\/usina1\/wp-json\/wp\/v2\/posts\/11037"}],"collection":[{"href":"http:\/\/enteculturalsantafesino.com.ar\/usina1\/wp-json\/wp\/v2\/posts"}],"about":[{"href":"http:\/\/enteculturalsantafesino.com.ar\/usina1\/wp-json\/wp\/v2\/types\/post"}],"author":[{"embeddable":true,"href":"http:\/\/enteculturalsantafesino.com.ar\/usina1\/wp-json\/wp\/v2\/users\/3"}],"replies":[{"embeddable":true,"href":"http:\/\/enteculturalsantafesino.com.ar\/usina1\/wp-json\/wp\/v2\/comments?post=11037"}],"version-history":[{"count":0,"href":"http:\/\/enteculturalsantafesino.com.ar\/usina1\/wp-json\/wp\/v2\/posts\/11037\/revisions"}],"wp:featuredmedia":[{"embeddable":true,"href":"http:\/\/enteculturalsantafesino.com.ar\/usina1\/wp-json\/wp\/v2\/media\/10989"}],"wp:attachment":[{"href":"http:\/\/enteculturalsantafesino.com.ar\/usina1\/wp-json\/wp\/v2\/media?parent=11037"}],"wp:term":[{"taxonomy":"category","embeddable":true,"href":"http:\/\/enteculturalsantafesino.com.ar\/usina1\/wp-json\/wp\/v2\/categories?post=11037"},{"taxonomy":"post_tag","embeddable":true,"href":"http:\/\/enteculturalsantafesino.com.ar\/usina1\/wp-json\/wp\/v2\/tags?post=11037"}],"curies":[{"name":"wp","href":"https:\/\/api.w.org\/{rel}","templated":true}]}}