{"id":11041,"date":"2013-08-03T17:25:32","date_gmt":"2013-08-03T17:25:32","guid":{"rendered":"http:\/\/entecultura.com.ar\/usina1\/?p=11041"},"modified":"2013-08-03T17:25:32","modified_gmt":"2013-08-03T17:25:32","slug":"lo-importante-es-casarse-se-presento-en-carlos-pellegrini","status":"publish","type":"post","link":"http:\/\/enteculturalsantafesino.com.ar\/usina1\/2013\/08\/lo-importante-es-casarse-se-presento-en-carlos-pellegrini\/","title":{"rendered":"\u00abLo importante es Casarse\u00bb se present\u00f3 en Carlos Pellegrini"},"content":{"rendered":"<p>Anoche en el Centro Cultural, se estuvo presentado el \u00e9xito teatral de<a href=\"http:\/\/enteculturalsantafesino.com.ar\/usina1\/wp-content\/uploads\/2013\/08\/phpThumb_generated_thumbnail2.jpeg\" rel=\"lightbox[11041]\"><img loading=\"lazy\" decoding=\"async\" class=\"alignright size-full wp-image-11042\" alt=\"phpThumb_generated_thumbnail\" src=\"http:\/\/enteculturalsantafesino.com.ar\/usina1\/wp-content\/uploads\/2013\/08\/phpThumb_generated_thumbnail2.jpeg\" width=\"200\" height=\"150\" \/><\/a><\/p>\n<p>la ciudad de Sastre, \u201cLO IMPORTANTE ES A CASARSE\u201d y como no pod\u00eda ser la excepci\u00f3n, en Carlos Pellegrini, brillaron con su presencia.<\/p>\n<p>En el marco de los festejos patronales el Ente de Cultura de la Comuna de Carlos Pellegrini, present\u00f3 la obra que est\u00e1 de gira por las localidades vecinas, \u201cLO IMPORTANTE ES CASARSE\u201d.<\/p>\n<p>Los integrantes del CTI (Centro de Teatro Independiente) brillaron ante un n\u00famero importante de p\u00fablico que acompa\u00f1aron a los artistas con sus aplausos.<\/p>\n<p>\u201cEs un grupo independiente, totalmente vocacional. Esta obra espec\u00edficamente hace m\u00e1s de tres meses que se viene preparando. Es gente del grupo quien organiza adem\u00e1s el vestuario, escenograf\u00edas, publicidad, luces, y todo lo que conlleva una puesta en escena\u201d, cont\u00f3 Oscar \u201cCacho\u201d Balbi, director del grupo desde ya casi 20 a\u00f1os.<\/p>\n<p>Aprovech\u00f3 su director la oportunidad para agradecer a la Comuna de Carlos Pellegrini, y a toda la gente que confi\u00f3 y comparti\u00f3 una linda noche con el CTI.<\/p>\n<p><strong><em>fuente:portalpellegrinense<\/em><\/strong><\/p>\n<p>&nbsp;<\/p>\n","protected":false},"excerpt":{"rendered":"<p>Anoche en el Centro Cultural, se estuvo presentado el \u00e9xito teatral de la ciudad de Sastre, \u201cLO [&hellip;]<\/p>\n","protected":false},"author":3,"featured_media":11042,"comment_status":"closed","ping_status":"closed","sticky":false,"template":"","format":"standard","meta":{"_jetpack_memberships_contains_paid_content":false,"footnotes":"","jetpack_publicize_message":"","jetpack_publicize_feature_enabled":true,"jetpack_social_post_already_shared":false,"jetpack_social_options":{"image_generator_settings":{"template":"highway","enabled":false}}},"categories":[23,22],"tags":[],"jetpack_publicize_connections":[],"jetpack_sharing_enabled":true,"jetpack_featured_media_url":"http:\/\/enteculturalsantafesino.com.ar\/usina1\/wp-content\/uploads\/2013\/08\/phpThumb_generated_thumbnail2.jpeg","_links":{"self":[{"href":"http:\/\/enteculturalsantafesino.com.ar\/usina1\/wp-json\/wp\/v2\/posts\/11041"}],"collection":[{"href":"http:\/\/enteculturalsantafesino.com.ar\/usina1\/wp-json\/wp\/v2\/posts"}],"about":[{"href":"http:\/\/enteculturalsantafesino.com.ar\/usina1\/wp-json\/wp\/v2\/types\/post"}],"author":[{"embeddable":true,"href":"http:\/\/enteculturalsantafesino.com.ar\/usina1\/wp-json\/wp\/v2\/users\/3"}],"replies":[{"embeddable":true,"href":"http:\/\/enteculturalsantafesino.com.ar\/usina1\/wp-json\/wp\/v2\/comments?post=11041"}],"version-history":[{"count":0,"href":"http:\/\/enteculturalsantafesino.com.ar\/usina1\/wp-json\/wp\/v2\/posts\/11041\/revisions"}],"wp:featuredmedia":[{"embeddable":true,"href":"http:\/\/enteculturalsantafesino.com.ar\/usina1\/wp-json\/wp\/v2\/media\/11042"}],"wp:attachment":[{"href":"http:\/\/enteculturalsantafesino.com.ar\/usina1\/wp-json\/wp\/v2\/media?parent=11041"}],"wp:term":[{"taxonomy":"category","embeddable":true,"href":"http:\/\/enteculturalsantafesino.com.ar\/usina1\/wp-json\/wp\/v2\/categories?post=11041"},{"taxonomy":"post_tag","embeddable":true,"href":"http:\/\/enteculturalsantafesino.com.ar\/usina1\/wp-json\/wp\/v2\/tags?post=11041"}],"curies":[{"name":"wp","href":"https:\/\/api.w.org\/{rel}","templated":true}]}}