{"id":11046,"date":"2013-08-03T17:33:09","date_gmt":"2013-08-03T17:33:09","guid":{"rendered":"http:\/\/entecultura.com.ar\/usina1\/?p=11046"},"modified":"2013-08-03T19:09:57","modified_gmt":"2013-08-03T19:09:57","slug":"el-trebol-vibro-al-ritmo-de-valmo-record-venezuela","status":"publish","type":"post","link":"http:\/\/enteculturalsantafesino.com.ar\/usina1\/2013\/08\/el-trebol-vibro-al-ritmo-de-valmo-record-venezuela\/","title":{"rendered":"El Tr\u00e9bol vibr\u00f3 al ritmo de Valmo Record-Venezuela"},"content":{"rendered":"<p>En la noche de este Viernes, el grupo musical de Venezuela se present\u00f3 en el<a href=\"http:\/\/enteculturalsantafesino.com.ar\/usina1\/wp-content\/uploads\/2013\/08\/timthumb.jpg\" rel=\"lightbox[11046]\"><img loading=\"lazy\" decoding=\"async\" class=\"alignright size-medium wp-image-11047\" alt=\"timthumb\" src=\"http:\/\/enteculturalsantafesino.com.ar\/usina1\/wp-content\/uploads\/2013\/08\/timthumb-300x198.jpg\" width=\"300\" height=\"198\" srcset=\"http:\/\/enteculturalsantafesino.com.ar\/usina1\/wp-content\/uploads\/2013\/08\/timthumb-300x198.jpg 300w, http:\/\/enteculturalsantafesino.com.ar\/usina1\/wp-content\/uploads\/2013\/08\/timthumb.jpg 590w\" sizes=\"(max-width: 300px) 100vw, 300px\" \/><\/a><\/p>\n<p>Auditorio del Centro Cultural Cervantes de la ciudad.<\/p>\n<p>\u201cValmoRecord\u201d hace ya varias semanas que se encuentra realizando una gira por la regi\u00f3n a trav\u00e9s del<strong> Programa \u00abCompartiendo Cultura\u00bb perteneciente al Ente Cultura<\/strong>l este viernes desemboc\u00f3 en El Tr\u00e9bol.<\/p>\n<p>En horas de la ma\u00f1ana, los muchachos recorrieron las Escuelas Secundarias, contando historias de vida y ense\u00f1ando nuevas danzas y ritmos a los chicos.<\/p>\n<p>Ya por la noche y ante un discreto marco de p\u00fablico, los \u201cVenezolanos\u201d pisaron el Cervantes e hicieron bailar y sonre\u00edr a todos los presentes.<\/p>\n<p><strong>El grupo<\/strong><\/p>\n<p>ValmoRecord est\u00e1 integrado por Big Ma\u00f1e (Joel Brice\u00f1o),Toty (George Chourio), Mr. Kill (Kilver Colmenares) y Dr. Jackson (John Chourio), cuatro amigos de la infancia, de Caja Seca (Estado Zulia \u2013 Venezuela), comenzaron con la m\u00fasica en el a\u00f1o 2008 influenciados por artistas nacionales e internacionales quienes los inspiraban a escribir sus propios temas reflejando experiencias vividas.<\/p>\n<p>Hoy en d\u00eda, el grupo se ha convertido en una de las agrupaciones m\u00e1s reconocidas del Estado Zulia, Venezuela.<\/p>\n<p>Escuela Municipal de M\u00fasica<\/p>\n<p>Antes de la presentaci\u00f3n de \u201cValmorecord\u201d, el p\u00fablico pudo disfrutar de una hermosa Audici\u00f3n a cargo de los alumnos de la Escuela Municipal de M\u00fasica.<\/p>\n<p>Pianos, Guitarras y Flautas se adue\u00f1aron del sal\u00f3n y se llevaron el aplauso de todos.<\/p>\n<p>&nbsp;<\/p>\n","protected":false},"excerpt":{"rendered":"<p>En la noche de este Viernes, el grupo musical de Venezuela se present\u00f3 en el Auditorio del [&hellip;]<\/p>\n","protected":false},"author":3,"featured_media":11047,"comment_status":"closed","ping_status":"closed","sticky":false,"template":"","format":"standard","meta":{"_jetpack_memberships_contains_paid_content":false,"footnotes":"","jetpack_publicize_message":"","jetpack_publicize_feature_enabled":true,"jetpack_social_post_already_shared":false,"jetpack_social_options":{"image_generator_settings":{"template":"highway","enabled":false}}},"categories":[18,38],"tags":[36,35],"jetpack_publicize_connections":[],"jetpack_sharing_enabled":true,"jetpack_featured_media_url":"http:\/\/enteculturalsantafesino.com.ar\/usina1\/wp-content\/uploads\/2013\/08\/timthumb.jpg","_links":{"self":[{"href":"http:\/\/enteculturalsantafesino.com.ar\/usina1\/wp-json\/wp\/v2\/posts\/11046"}],"collection":[{"href":"http:\/\/enteculturalsantafesino.com.ar\/usina1\/wp-json\/wp\/v2\/posts"}],"about":[{"href":"http:\/\/enteculturalsantafesino.com.ar\/usina1\/wp-json\/wp\/v2\/types\/post"}],"author":[{"embeddable":true,"href":"http:\/\/enteculturalsantafesino.com.ar\/usina1\/wp-json\/wp\/v2\/users\/3"}],"replies":[{"embeddable":true,"href":"http:\/\/enteculturalsantafesino.com.ar\/usina1\/wp-json\/wp\/v2\/comments?post=11046"}],"version-history":[{"count":0,"href":"http:\/\/enteculturalsantafesino.com.ar\/usina1\/wp-json\/wp\/v2\/posts\/11046\/revisions"}],"wp:featuredmedia":[{"embeddable":true,"href":"http:\/\/enteculturalsantafesino.com.ar\/usina1\/wp-json\/wp\/v2\/media\/11047"}],"wp:attachment":[{"href":"http:\/\/enteculturalsantafesino.com.ar\/usina1\/wp-json\/wp\/v2\/media?parent=11046"}],"wp:term":[{"taxonomy":"category","embeddable":true,"href":"http:\/\/enteculturalsantafesino.com.ar\/usina1\/wp-json\/wp\/v2\/categories?post=11046"},{"taxonomy":"post_tag","embeddable":true,"href":"http:\/\/enteculturalsantafesino.com.ar\/usina1\/wp-json\/wp\/v2\/tags?post=11046"}],"curies":[{"name":"wp","href":"https:\/\/api.w.org\/{rel}","templated":true}]}}