{"id":11050,"date":"2013-08-03T21:10:49","date_gmt":"2013-08-03T21:10:49","guid":{"rendered":"http:\/\/entecultura.com.ar\/usina1\/?p=11050"},"modified":"2013-08-03T21:12:35","modified_gmt":"2013-08-03T21:12:35","slug":"cierre-de-los-debates-culturales-federales-en-san-genaro","status":"publish","type":"post","link":"http:\/\/enteculturalsantafesino.com.ar\/usina1\/2013\/08\/cierre-de-los-debates-culturales-federales-en-san-genaro\/","title":{"rendered":"Cierre de los \u00abDebates Culturales Federales\u00bb en San Genaro"},"content":{"rendered":"<p>El viernes 2, a las 16hs, se realiz\u00f3 en <strong>San Genaro<\/strong> , <strong>Santa Fe\u00a0<\/strong>(Usina I)<a href=\"http:\/\/enteculturalsantafesino.com.ar\/usina1\/wp-content\/uploads\/2013\/08\/1079307_577130948992128_124088047_n1.jpg\" rel=\"lightbox[11050]\"><img loading=\"lazy\" decoding=\"async\" class=\"alignright size-medium wp-image-11057\" alt=\"1079307_577130948992128_124088047_n\" src=\"http:\/\/enteculturalsantafesino.com.ar\/usina1\/wp-content\/uploads\/2013\/08\/1079307_577130948992128_124088047_n1-300x168.jpg\" width=\"300\" height=\"168\" srcset=\"http:\/\/enteculturalsantafesino.com.ar\/usina1\/wp-content\/uploads\/2013\/08\/1079307_577130948992128_124088047_n1-300x168.jpg 300w, http:\/\/enteculturalsantafesino.com.ar\/usina1\/wp-content\/uploads\/2013\/08\/1079307_577130948992128_124088047_n1.jpg 960w\" sizes=\"(max-width: 300px) 100vw, 300px\" \/><\/a><\/p>\n<p>la segunda jornada perteneciente a la\u00a0cuarta edici\u00f3n de los <a href=\"http:\/\/http:\/\/www.cultura.gob.ar\/agenda\/debates-culturales-federales-en-santa-fe\/\">\u00abDebates Culturales Federales\u00bb <\/a>que organiza la <a href=\"http:\/\/cultura.gov.ar\">Secretar\u00eda de Cultura de la Presidencia de la Naci\u00f3n<\/a>, a trav\u00e9s de la Direcci\u00f3n Nacional de Acci\u00f3n Federal, cuyo objetivo es promover n\u00facleos de reflexi\u00f3n e intercambio pol\u00edtico-cultural en todo el territorio nacional.<\/p>\n<p>Tomando como punto de partida una idea federal de la cultura, esta iniciativa propone incentivar a la participaci\u00f3n ciudadana y la multiplicidad de miradas que enriquecen el debate, instalando modos de pensar la realidad y proyectar nuevas formas de encarar los desaf\u00edos a venir. Adem\u00e1s, paralelamente, el programa incluye distintas actividades art\u00edsticas.<a href=\"http:\/\/enteculturalsantafesino.com.ar\/usina1\/wp-content\/uploads\/2013\/08\/994550_577134838991739_1922370298_n.jpg\" rel=\"lightbox[11050]\"><img loading=\"lazy\" decoding=\"async\" class=\"alignright size-medium wp-image-11054\" alt=\"994550_577134838991739_1922370298_n\" src=\"http:\/\/enteculturalsantafesino.com.ar\/usina1\/wp-content\/uploads\/2013\/08\/994550_577134838991739_1922370298_n-300x168.jpg\" width=\"300\" height=\"168\" srcset=\"http:\/\/enteculturalsantafesino.com.ar\/usina1\/wp-content\/uploads\/2013\/08\/994550_577134838991739_1922370298_n-300x168.jpg 300w, http:\/\/enteculturalsantafesino.com.ar\/usina1\/wp-content\/uploads\/2013\/08\/994550_577134838991739_1922370298_n.jpg 960w\" sizes=\"(max-width: 300px) 100vw, 300px\" \/><\/a><\/p>\n<p>Ese cuarto encuentro, realizado en la provincia de Santa Fe, abre una nueva instancia de di\u00e1logo en torno a la democratizaci\u00f3n de la cultura y la inclusi\u00f3n social, en un momento clave de la ampliaci\u00f3n de derechos culturales.<\/p>\n<p>En las instalaciones del Edificio Municipal, gestores, referentes y distintos participantes de la cultura santafesina llegaban desde diversos puntos geogr\u00e1ficos para participar , reflexionar y generar un espacio de interacci\u00f3n a trav\u00e9s de acciones culturales concretas.<\/p>\n<p>Las palabras de bienvenida y agradecimiento del <strong>Intendente Municipal Fernando Su\u00e1rez<\/strong>, dieron inicio a este nuevo encuentro a nivel nacional que di\u00f3 lugar \u00a0a la exposici\u00f3n y desarrollo del destacado panel.<a href=\"http:\/\/enteculturalsantafesino.com.ar\/usina1\/wp-content\/uploads\/2013\/08\/1085496_577131662325390_1993011385_n.jpg\" rel=\"lightbox[11050]\"><img loading=\"lazy\" decoding=\"async\" class=\"alignright size-medium wp-image-11061\" alt=\"1085496_577131662325390_1993011385_n\" src=\"http:\/\/enteculturalsantafesino.com.ar\/usina1\/wp-content\/uploads\/2013\/08\/1085496_577131662325390_1993011385_n-300x168.jpg\" width=\"300\" height=\"168\" srcset=\"http:\/\/enteculturalsantafesino.com.ar\/usina1\/wp-content\/uploads\/2013\/08\/1085496_577131662325390_1993011385_n-300x168.jpg 300w, http:\/\/enteculturalsantafesino.com.ar\/usina1\/wp-content\/uploads\/2013\/08\/1085496_577131662325390_1993011385_n.jpg 960w\" sizes=\"(max-width: 300px) 100vw, 300px\" \/><\/a><\/p>\n<p>La <strong>Diputada Nacional Lic. Claudia Giacone<\/strong> ofici\u00f3 de presentadora y expuso sobre la importancia de estos encuentros nacionales. <em>\u00abNos encontramos con una Direcci\u00f3n de Acci\u00f3n Federal perteneciente a la Secretar\u00eda de Cultura activa y federal, quienes recorren cada punto de nuestro pa\u00eds generando m\u00e1s igualdad y mayores pol\u00edticas culturales que penetran en la sensibilidad de cada ciudadano. Hoy la Cultura y la inclusi\u00f3n social nos invita a participar y debatir para que haya menos exclusi\u00f3n, en b\u00fasqueda de m\u00e1s voces que jerarquicen el accionar cotidiano de nuestros v\u00ednculos y compromisos con la sociedad. Santa Fe hoy tuvo la posibilidad de contar con este programa federal y democr\u00e1tico que beneficia y multiplican los recursos ideol\u00f3gicos, para continuar por el camino de la acci\u00f3n, el trabajo, inclusi\u00f3n y desarrollo cultural\u00bb<a href=\"http:\/\/enteculturalsantafesino.com.ar\/usina1\/wp-content\/uploads\/2013\/08\/1078046_577133288991894_707534940_n.jpg\" rel=\"lightbox[11050]\"><img loading=\"lazy\" decoding=\"async\" class=\"alignright size-medium wp-image-11055\" alt=\"1078046_577133288991894_707534940_n\" src=\"http:\/\/enteculturalsantafesino.com.ar\/usina1\/wp-content\/uploads\/2013\/08\/1078046_577133288991894_707534940_n-300x168.jpg\" width=\"300\" height=\"168\" srcset=\"http:\/\/enteculturalsantafesino.com.ar\/usina1\/wp-content\/uploads\/2013\/08\/1078046_577133288991894_707534940_n-300x168.jpg 300w, http:\/\/enteculturalsantafesino.com.ar\/usina1\/wp-content\/uploads\/2013\/08\/1078046_577133288991894_707534940_n.jpg 960w\" sizes=\"(max-width: 300px) 100vw, 300px\" \/><\/a><\/em><\/p>\n<p><em>\u201cNuestro reconocimiento y agradecimiento a J<strong>orge Coscia-Secretario de Cultura dela Naci\u00f3n<\/strong> y a la D<strong>irectora de Acci\u00f3n Federal\u00a0Dra. Mar\u00eda Elena Troncoso<\/strong> por permitir que Santa Fe tenga su Debate Cultural ya que nos encontramos guiados y acompa\u00f1ados \u00a0en forma permanente y concreta con herramientas que consolidan a muchos pueblos y ciudades que hoy integran este Ente Cultural Santafesino\u00bb<\/em><\/p>\n<p><strong>El eje de la mesa fue:<\/strong> \u201cCultura federal e inclusi\u00f3n social\u201d, contando con un destacado panel que expuso y preponder\u00f3 a la jornada delineada en la ciudad m\u00e1s j\u00f3ven del pa\u00eds.<\/p>\n<p><strong>Los panelistas fueron<\/strong>:<a href=\"http:\/\/enteculturalsantafesino.com.ar\/usina1\/wp-content\/uploads\/2013\/08\/1098013_577135138991709_487150450_n.jpg\" rel=\"lightbox[11050]\"><img loading=\"lazy\" decoding=\"async\" class=\"alignright size-medium wp-image-11056\" alt=\"1098013_577135138991709_487150450_n\" src=\"http:\/\/enteculturalsantafesino.com.ar\/usina1\/wp-content\/uploads\/2013\/08\/1098013_577135138991709_487150450_n-300x168.jpg\" width=\"300\" height=\"168\" srcset=\"http:\/\/enteculturalsantafesino.com.ar\/usina1\/wp-content\/uploads\/2013\/08\/1098013_577135138991709_487150450_n-300x168.jpg 300w, http:\/\/enteculturalsantafesino.com.ar\/usina1\/wp-content\/uploads\/2013\/08\/1098013_577135138991709_487150450_n.jpg 960w\" sizes=\"(max-width: 300px) 100vw, 300px\" \/><\/a><\/p>\n<p>-Representantes del Club Atletico San Jorge: Luciana Ferreyra, docente de los Talleres Culturales especiales y Ana Merlo Gerente de Deportes del Club.<\/p>\n<p>-Luc\u00eda Dur\u00e1n, especialista en Gesti\u00f3n Cultural, Pol\u00edticas Culturales<\/p>\n<p>-Romina Bianchini, polit\u00f3loga, con especializaci\u00f3n en Gesti\u00f3n Cultural (USAM)<\/p>\n<p>Moderador: Mariano Villarruel- Secretar\u00eda de Cultura de Correa<\/p>\n<p>Los <a href=\"http:\/\/http:\/\/www.cultura.gob.ar\/agenda\/debates-culturales-federales-en-santa-fe\/\">Debates Culturales Federales<\/a> en nuestra provincia cerraron con<a href=\"http:\/\/enteculturalsantafesino.com.ar\/usina1\/wp-content\/uploads\/2013\/08\/Debates-Culturales-en-San-genaro-007.jpg\" rel=\"lightbox[11050]\"><img loading=\"lazy\" decoding=\"async\" class=\"alignright size-medium wp-image-11060\" alt=\"Debates Culturales en San genaro 007\" src=\"http:\/\/enteculturalsantafesino.com.ar\/usina1\/wp-content\/uploads\/2013\/08\/Debates-Culturales-en-San-genaro-007-300x225.jpg\" width=\"300\" height=\"225\" srcset=\"http:\/\/enteculturalsantafesino.com.ar\/usina1\/wp-content\/uploads\/2013\/08\/Debates-Culturales-en-San-genaro-007-300x225.jpg 300w, http:\/\/enteculturalsantafesino.com.ar\/usina1\/wp-content\/uploads\/2013\/08\/Debates-Culturales-en-San-genaro-007-1024x768.jpg 1024w, http:\/\/enteculturalsantafesino.com.ar\/usina1\/wp-content\/uploads\/2013\/08\/Debates-Culturales-en-San-genaro-007.jpg 1200w\" sizes=\"(max-width: 300px) 100vw, 300px\" \/><\/a><\/p>\n<p>la magistral presentaci\u00f3n del cantante oriundo de Correa, <strong>Esteban Echaniz<\/strong> que brind\u00f3 un impecable show a trav\u00e9s de su maravillosa voz y propuesta musical .<\/p>\n","protected":false},"excerpt":{"rendered":"<p>El viernes 2, a las 16hs, se realiz\u00f3 en San Genaro , Santa Fe\u00a0(Usina I) la segunda [&hellip;]<\/p>\n","protected":false},"author":3,"featured_media":11056,"comment_status":"closed","ping_status":"closed","sticky":false,"template":"","format":"standard","meta":{"_jetpack_memberships_contains_paid_content":false,"footnotes":"","jetpack_publicize_message":"","jetpack_publicize_feature_enabled":true,"jetpack_social_post_already_shared":false,"jetpack_social_options":{"image_generator_settings":{"template":"highway","enabled":false}}},"categories":[38,28],"tags":[],"jetpack_publicize_connections":[],"jetpack_sharing_enabled":true,"jetpack_featured_media_url":"http:\/\/enteculturalsantafesino.com.ar\/usina1\/wp-content\/uploads\/2013\/08\/1098013_577135138991709_487150450_n.jpg","_links":{"self":[{"href":"http:\/\/enteculturalsantafesino.com.ar\/usina1\/wp-json\/wp\/v2\/posts\/11050"}],"collection":[{"href":"http:\/\/enteculturalsantafesino.com.ar\/usina1\/wp-json\/wp\/v2\/posts"}],"about":[{"href":"http:\/\/enteculturalsantafesino.com.ar\/usina1\/wp-json\/wp\/v2\/types\/post"}],"author":[{"embeddable":true,"href":"http:\/\/enteculturalsantafesino.com.ar\/usina1\/wp-json\/wp\/v2\/users\/3"}],"replies":[{"embeddable":true,"href":"http:\/\/enteculturalsantafesino.com.ar\/usina1\/wp-json\/wp\/v2\/comments?post=11050"}],"version-history":[{"count":0,"href":"http:\/\/enteculturalsantafesino.com.ar\/usina1\/wp-json\/wp\/v2\/posts\/11050\/revisions"}],"wp:featuredmedia":[{"embeddable":true,"href":"http:\/\/enteculturalsantafesino.com.ar\/usina1\/wp-json\/wp\/v2\/media\/11056"}],"wp:attachment":[{"href":"http:\/\/enteculturalsantafesino.com.ar\/usina1\/wp-json\/wp\/v2\/media?parent=11050"}],"wp:term":[{"taxonomy":"category","embeddable":true,"href":"http:\/\/enteculturalsantafesino.com.ar\/usina1\/wp-json\/wp\/v2\/categories?post=11050"},{"taxonomy":"post_tag","embeddable":true,"href":"http:\/\/enteculturalsantafesino.com.ar\/usina1\/wp-json\/wp\/v2\/tags?post=11050"}],"curies":[{"name":"wp","href":"https:\/\/api.w.org\/{rel}","templated":true}]}}