{"id":11065,"date":"2013-08-04T14:56:42","date_gmt":"2013-08-04T14:56:42","guid":{"rendered":"http:\/\/entecultura.com.ar\/usina1\/?p=11065"},"modified":"2013-08-05T22:38:10","modified_gmt":"2013-08-05T22:38:10","slug":"todo-el-ritmo-de-valmo-record-en-las-escuelas-medias-de-el-trebol","status":"publish","type":"post","link":"http:\/\/enteculturalsantafesino.com.ar\/usina1\/2013\/08\/todo-el-ritmo-de-valmo-record-en-las-escuelas-medias-de-el-trebol\/","title":{"rendered":"Todo el ritmo de Valmo Record en las Escuelas Medias de El Tr\u00e9bol"},"content":{"rendered":"<p>En la ma\u00f1ana del viernes 2 de agosto desde Venezuela y de la mano del Ente Cultural<a href=\"http:\/\/enteculturalsantafesino.com.ar\/usina1\/wp-content\/uploads\/2013\/08\/533928_631948193495733_343525042_n.jpg\" rel=\"lightbox[11065]\"><img loading=\"lazy\" decoding=\"async\" class=\"alignright size-medium wp-image-11066\" alt=\"533928_631948193495733_343525042_n\" src=\"http:\/\/enteculturalsantafesino.com.ar\/usina1\/wp-content\/uploads\/2013\/08\/533928_631948193495733_343525042_n-300x225.jpg\" width=\"300\" height=\"225\" srcset=\"http:\/\/enteculturalsantafesino.com.ar\/usina1\/wp-content\/uploads\/2013\/08\/533928_631948193495733_343525042_n-300x225.jpg 300w, http:\/\/enteculturalsantafesino.com.ar\/usina1\/wp-content\/uploads\/2013\/08\/533928_631948193495733_343525042_n.jpg 960w\" sizes=\"(max-width: 300px) 100vw, 300px\" \/><\/a><\/p>\n<p>y de la Direcci\u00f3n de Educaci\u00f3n y Cultura de El Tr\u00e9bol el grupo Valmo Record trajo toda la alegr\u00eda de los ritmos caribe\u00f1os a las escuelas medias de la ciudad de El Tr\u00e9bol.<\/p>\n<p>Ellos comenzaron con la m\u00fasica en el a\u00f1o 2008 influenciados por artistas nacionales e internacionales quienes los inspiraban a escribir sus propios temas reflejando experiencias vividas. Logran as\u00ed grabar once temas de diferentes g\u00e9neros tales como hip hop, R&amp;B, techno y merengue mambo, con este ultimo lograron captar la atenci\u00f3n de miles de personas a nivel nacional e internacional por sus l\u00edricas y ritmos totalmente diferentes.<\/p>\n<p>Llegaron a Argentina a trav\u00e9s de un desaf\u00edo m\u00e1s para el Ente Cultural que contin\u00faa avanzando desde sus Usinas Culturales -importante proyecto de difusi\u00f3n y alcance cultural y art\u00edstico- de las que El Tr\u00e9bol forma parte.<\/p>\n<p>Como Somos entrevist\u00f3 a la agrupaci\u00f3n Valmo Record integrada por Big Ma\u00f1e (Joel Brice\u00f1o) Toty (George Chourio), Mr. Kill (Kilver Colmenares) y Dr. Jackson (Jhon Chourio), cuatro amigos de la infancia, de Caja Seca, Estado Zulia, Venezuela. \u201cHace 7 a\u00f1os que estamos como grupo, los cuatro cantantes principales somos vocalistas y nos acompa\u00f1an nuestros m\u00fasicos y coreutas\u201d<\/p>\n<p>\u201cUn abrazo muy fuerte para el pueblo argentino, nosotros los venezolanos somos muy c\u00e1lidos, nos gusta la sabrosura en tarima, nos gusta que la gente se anime, salte, brinque\u201d: a\u00f1adi\u00f3 uno de los cantantes a lo que su compa\u00f1ero agreg\u00f3: \u201cNos conocemos de toda la vida, fuimos<\/p>\n<p>junto a la escuela primaria y es grato como nos recibe la gente ac\u00e1\u201d.<a href=\"http:\/\/enteculturalsantafesino.com.ar\/usina1\/wp-content\/uploads\/2013\/08\/971787_631947880162431_201225946_n.jpg\" rel=\"lightbox[11065]\"><img loading=\"lazy\" decoding=\"async\" class=\"alignright size-medium wp-image-11068\" alt=\"971787_631947880162431_201225946_n\" src=\"http:\/\/enteculturalsantafesino.com.ar\/usina1\/wp-content\/uploads\/2013\/08\/971787_631947880162431_201225946_n-300x225.jpg\" width=\"300\" height=\"225\" srcset=\"http:\/\/enteculturalsantafesino.com.ar\/usina1\/wp-content\/uploads\/2013\/08\/971787_631947880162431_201225946_n-300x225.jpg 300w, http:\/\/enteculturalsantafesino.com.ar\/usina1\/wp-content\/uploads\/2013\/08\/971787_631947880162431_201225946_n.jpg 960w\" sizes=\"(max-width: 300px) 100vw, 300px\" \/><\/a><\/p>\n<p>Acerca de que les llama la atenci\u00f3n en Argentina comentaron: \u201cEn primer lugar la comida es espectacular y en segundo lugar las mujeres son bellas\u201d. \u201cAdem\u00e1s nos gusta el trato de la gente, son muy cari\u00f1osas, amables, de verdad esta es una experiencia \u00fanica que nunca vamos a olvidar\u201d.<\/p>\n<p>\u201cLlegamos con el concepto de que los argentinos son prepotentes, son ellos y nada m\u00e1s\u2026realmente nos dimos cuenta que nos vendieron algo que no es verdad, personas m\u00e1s humildes, amigables y humanitarias y con mujeres que son de televisi\u00f3n, realmente nos dimos cuentan que era todo mentira\u201d: finalizaron entre risas y agradeciendo al Ente Cultural y a todo Santa Fe.<\/p>\n<p>Hoy en d\u00eda, Valmorecord se ha convertido en una de las agrupaciones mas reconocidas del Estado Zulia, Venezuela. Logrando estar en grandes eventos y compartir tarima con artistas de la talla de Franco El Gorila, Oneil, Eloy, Plan B, Yomo, Nova &amp; Yori, Maxter y muchos m\u00e1s.<\/p>\n<p>fuente: comososmosdigital.com.a<\/p>\n","protected":false},"excerpt":{"rendered":"<p>En la ma\u00f1ana del viernes 2 de agosto desde Venezuela y de la mano del Ente Cultural [&hellip;]<\/p>\n","protected":false},"author":3,"featured_media":11067,"comment_status":"closed","ping_status":"closed","sticky":false,"template":"","format":"standard","meta":{"_jetpack_memberships_contains_paid_content":false,"footnotes":"","jetpack_publicize_message":"","jetpack_publicize_feature_enabled":true,"jetpack_social_post_already_shared":false,"jetpack_social_options":{"image_generator_settings":{"template":"highway","enabled":false}}},"categories":[18],"tags":[36,35],"jetpack_publicize_connections":[],"jetpack_sharing_enabled":true,"jetpack_featured_media_url":"http:\/\/enteculturalsantafesino.com.ar\/usina1\/wp-content\/uploads\/2013\/08\/970841_631947623495790_2009131707_n.jpg","_links":{"self":[{"href":"http:\/\/enteculturalsantafesino.com.ar\/usina1\/wp-json\/wp\/v2\/posts\/11065"}],"collection":[{"href":"http:\/\/enteculturalsantafesino.com.ar\/usina1\/wp-json\/wp\/v2\/posts"}],"about":[{"href":"http:\/\/enteculturalsantafesino.com.ar\/usina1\/wp-json\/wp\/v2\/types\/post"}],"author":[{"embeddable":true,"href":"http:\/\/enteculturalsantafesino.com.ar\/usina1\/wp-json\/wp\/v2\/users\/3"}],"replies":[{"embeddable":true,"href":"http:\/\/enteculturalsantafesino.com.ar\/usina1\/wp-json\/wp\/v2\/comments?post=11065"}],"version-history":[{"count":0,"href":"http:\/\/enteculturalsantafesino.com.ar\/usina1\/wp-json\/wp\/v2\/posts\/11065\/revisions"}],"wp:featuredmedia":[{"embeddable":true,"href":"http:\/\/enteculturalsantafesino.com.ar\/usina1\/wp-json\/wp\/v2\/media\/11067"}],"wp:attachment":[{"href":"http:\/\/enteculturalsantafesino.com.ar\/usina1\/wp-json\/wp\/v2\/media?parent=11065"}],"wp:term":[{"taxonomy":"category","embeddable":true,"href":"http:\/\/enteculturalsantafesino.com.ar\/usina1\/wp-json\/wp\/v2\/categories?post=11065"},{"taxonomy":"post_tag","embeddable":true,"href":"http:\/\/enteculturalsantafesino.com.ar\/usina1\/wp-json\/wp\/v2\/tags?post=11065"}],"curies":[{"name":"wp","href":"https:\/\/api.w.org\/{rel}","templated":true}]}}