{"id":11071,"date":"2013-08-04T15:02:44","date_gmt":"2013-08-04T15:02:44","guid":{"rendered":"http:\/\/entecultura.com.ar\/usina1\/?p=11071"},"modified":"2013-08-04T15:02:44","modified_gmt":"2013-08-04T15:02:44","slug":"se-proyecta-metegol-en-el-cine-olga-zubarry-de-san-jorge","status":"publish","type":"post","link":"http:\/\/enteculturalsantafesino.com.ar\/usina1\/2013\/08\/se-proyecta-metegol-en-el-cine-olga-zubarry-de-san-jorge\/","title":{"rendered":"Se proyecta \u00abMetegol\u00bb en el Cine Olga Zubarry de San Jorge"},"content":{"rendered":"<p>La Coordinadora de la Sala de Cine Olga Zubarry de la Municipalidad de San Jorge,<a href=\"http:\/\/enteculturalsantafesino.com.ar\/usina1\/wp-content\/uploads\/2013\/08\/150x211-images-stories-metegol-pelcula.jpg\" rel=\"lightbox[11071]\"><img loading=\"lazy\" decoding=\"async\" class=\"alignright size-full wp-image-11072\" alt=\"150x211-images-stories-metegol-pelcula\" src=\"http:\/\/enteculturalsantafesino.com.ar\/usina1\/wp-content\/uploads\/2013\/08\/150x211-images-stories-metegol-pelcula.jpg\" width=\"150\" height=\"211\" \/><\/a><\/p>\n<p>informa la programaci\u00f3n para este fin de semana, en el marco de los festejos por el D\u00eda del Ni\u00f1o: METEGOL.<\/p>\n<p>Amadeo vive en un pueblo peque\u00f1o y an\u00f3nimo. Trabaja en un bar, juega al metegol mejor que nadie y est\u00e1 enamorado de Laura, aunque ella no lo sabe. Su rutina sencilla se desmorona cuando P\u00e1rpados, un joven del pueblo convertido en el mejor futbolista del mundo, vuelve dispuesto a vengarse de la \u00fanica derrota que sufri\u00f3 en su vida. Con el metegol, el bar y hasta su alma destruidas, Amadeo descubre algo m\u00e1gico: los jugadores de su querido metegol hablan \u00a1y mucho!<\/p>\n<p>DIRECTOR: Juan Jos\u00e9 Campanella .<\/p>\n<p>VOCES ORIGINALES: Pablo Rago, Miguel \u00c1ngel Rodr\u00edguez, Fabi\u00e1n Gianola, Horacio Fontova, David Masajnik, Sebasti\u00e1n Mogordoy.<\/p>\n<p>GENERO: Familiar, Deportes, Aventuras, Animaci\u00f3n. &#8211; DURACION: 106 Minutos<\/p>\n<p>Apta todo p\u00fablico<\/p>\n<p>S\u00c1BADO 03\/08 16:00 \u2013 18:00 \u2013 22:00 HS.<\/p>\n<p>DOMINGO 04\/08 19:00 \u2013 21:30 HS.<\/p>\n<p>LUNES 05\/08 21:30 HS.<\/p>\n<p>ENTRADA GENERAL $ 20.-<\/p>\n<p>LA BOLETER\u00cdA SE ABRIR\u00c1 UNA HORA ANTES DE CADA FUNCI\u00d3N<\/p>\n","protected":false},"excerpt":{"rendered":"<p>La Coordinadora de la Sala de Cine Olga Zubarry de la Municipalidad de San Jorge, informa la [&hellip;]<\/p>\n","protected":false},"author":3,"featured_media":11072,"comment_status":"closed","ping_status":"closed","sticky":false,"template":"","format":"standard","meta":{"_jetpack_memberships_contains_paid_content":false,"footnotes":"","jetpack_publicize_message":"","jetpack_publicize_feature_enabled":true,"jetpack_social_post_already_shared":false,"jetpack_social_options":{"image_generator_settings":{"template":"highway","enabled":false}}},"categories":[16],"tags":[],"jetpack_publicize_connections":[],"jetpack_sharing_enabled":true,"jetpack_featured_media_url":"http:\/\/enteculturalsantafesino.com.ar\/usina1\/wp-content\/uploads\/2013\/08\/150x211-images-stories-metegol-pelcula.jpg","_links":{"self":[{"href":"http:\/\/enteculturalsantafesino.com.ar\/usina1\/wp-json\/wp\/v2\/posts\/11071"}],"collection":[{"href":"http:\/\/enteculturalsantafesino.com.ar\/usina1\/wp-json\/wp\/v2\/posts"}],"about":[{"href":"http:\/\/enteculturalsantafesino.com.ar\/usina1\/wp-json\/wp\/v2\/types\/post"}],"author":[{"embeddable":true,"href":"http:\/\/enteculturalsantafesino.com.ar\/usina1\/wp-json\/wp\/v2\/users\/3"}],"replies":[{"embeddable":true,"href":"http:\/\/enteculturalsantafesino.com.ar\/usina1\/wp-json\/wp\/v2\/comments?post=11071"}],"version-history":[{"count":0,"href":"http:\/\/enteculturalsantafesino.com.ar\/usina1\/wp-json\/wp\/v2\/posts\/11071\/revisions"}],"wp:featuredmedia":[{"embeddable":true,"href":"http:\/\/enteculturalsantafesino.com.ar\/usina1\/wp-json\/wp\/v2\/media\/11072"}],"wp:attachment":[{"href":"http:\/\/enteculturalsantafesino.com.ar\/usina1\/wp-json\/wp\/v2\/media?parent=11071"}],"wp:term":[{"taxonomy":"category","embeddable":true,"href":"http:\/\/enteculturalsantafesino.com.ar\/usina1\/wp-json\/wp\/v2\/categories?post=11071"},{"taxonomy":"post_tag","embeddable":true,"href":"http:\/\/enteculturalsantafesino.com.ar\/usina1\/wp-json\/wp\/v2\/tags?post=11071"}],"curies":[{"name":"wp","href":"https:\/\/api.w.org\/{rel}","templated":true}]}}