{"id":11083,"date":"2013-08-05T14:14:10","date_gmt":"2013-08-05T14:14:10","guid":{"rendered":"http:\/\/entecultura.com.ar\/usina1\/?p=11083"},"modified":"2013-08-05T14:14:10","modified_gmt":"2013-08-05T14:14:10","slug":"bouquet-festejos-por-el-dia-del-nino","status":"publish","type":"post","link":"http:\/\/enteculturalsantafesino.com.ar\/usina1\/2013\/08\/bouquet-festejos-por-el-dia-del-nino\/","title":{"rendered":"Bouquet: Festejos por el D\u00eda del Ni\u00f1o"},"content":{"rendered":"<p>El domingo 4 de agosto se llev\u00f3 a cabo el festejo del D\u00eda del Ni\u00f1o.<a href=\"http:\/\/enteculturalsantafesino.com.ar\/usina1\/wp-content\/uploads\/2013\/08\/1098402_10151516893165633_95823265_n.jpg\" rel=\"lightbox[11083]\"><img loading=\"lazy\" decoding=\"async\" class=\"alignright size-medium wp-image-11084\" alt=\"1098402_10151516893165633_95823265_n\" src=\"http:\/\/enteculturalsantafesino.com.ar\/usina1\/wp-content\/uploads\/2013\/08\/1098402_10151516893165633_95823265_n-300x225.jpg\" width=\"300\" height=\"225\" srcset=\"http:\/\/enteculturalsantafesino.com.ar\/usina1\/wp-content\/uploads\/2013\/08\/1098402_10151516893165633_95823265_n-300x225.jpg 300w, http:\/\/enteculturalsantafesino.com.ar\/usina1\/wp-content\/uploads\/2013\/08\/1098402_10151516893165633_95823265_n.jpg 960w\" sizes=\"(max-width: 300px) 100vw, 300px\" \/><\/a><\/p>\n<p>Los m\u00e1s peque\u00f1os disfrutaron de juegos, varios inflables, y espect\u00e1culos; Ramiro Lezcano cant\u00f3 canciones infantiles, mientras hac\u00edan su aparici\u00f3n un payaso y un mago que deleitaron al p\u00fablico, haci\u00e9ndolos re\u00edr con sus ocurrencias; mientras tanto saboreaban unos deliciosos pochoclos.<\/p>\n<p>Al terminar esto, se sirvi\u00f3 el chocolate con tortas, como todos los a\u00f1os, para ir prepar\u00e1ndose para la obra de t\u00edteres \u00abEl pato viajero\u00bb a cargo de Viruta y Sudor.<\/p>\n<p>Y para finalizar se regal\u00f3 golosinas para todos los ni\u00f1os con un numerito para el sorteo de la tradicional bicicleta, que este a\u00f1o se fue con Nicol\u00e1s Moreno. Una soleada tarde ilumin\u00f3 el pueblo de Bouquet, para que todos los peque\u00f1os disfrutaran de su d\u00eda. Agradecemos a todos los que colaboraron, atendiendo los juegos, sirviendo el chocolate, a Isabel y Mabel que se encargaron de hacer el rico choclate, a la Iglesia \u00abSan Pedro\u00bb por ceder las instalaciones y a todos los que de una u otra manera colaboraron para que este festejo se lleve a cabo.<\/p>\n","protected":false},"excerpt":{"rendered":"<p>El domingo 4 de agosto se llev\u00f3 a cabo el festejo del D\u00eda del Ni\u00f1o. Los m\u00e1s [&hellip;]<\/p>\n","protected":false},"author":3,"featured_media":11085,"comment_status":"closed","ping_status":"closed","sticky":false,"template":"","format":"standard","meta":{"_jetpack_memberships_contains_paid_content":false,"footnotes":"","jetpack_publicize_message":"","jetpack_publicize_feature_enabled":true,"jetpack_social_post_already_shared":false,"jetpack_social_options":{"image_generator_settings":{"template":"highway","enabled":false}}},"categories":[25],"tags":[],"jetpack_publicize_connections":[],"jetpack_sharing_enabled":true,"jetpack_featured_media_url":"http:\/\/enteculturalsantafesino.com.ar\/usina1\/wp-content\/uploads\/2013\/08\/1095111_10151516892140633_1690789492_n.jpg","_links":{"self":[{"href":"http:\/\/enteculturalsantafesino.com.ar\/usina1\/wp-json\/wp\/v2\/posts\/11083"}],"collection":[{"href":"http:\/\/enteculturalsantafesino.com.ar\/usina1\/wp-json\/wp\/v2\/posts"}],"about":[{"href":"http:\/\/enteculturalsantafesino.com.ar\/usina1\/wp-json\/wp\/v2\/types\/post"}],"author":[{"embeddable":true,"href":"http:\/\/enteculturalsantafesino.com.ar\/usina1\/wp-json\/wp\/v2\/users\/3"}],"replies":[{"embeddable":true,"href":"http:\/\/enteculturalsantafesino.com.ar\/usina1\/wp-json\/wp\/v2\/comments?post=11083"}],"version-history":[{"count":0,"href":"http:\/\/enteculturalsantafesino.com.ar\/usina1\/wp-json\/wp\/v2\/posts\/11083\/revisions"}],"wp:featuredmedia":[{"embeddable":true,"href":"http:\/\/enteculturalsantafesino.com.ar\/usina1\/wp-json\/wp\/v2\/media\/11085"}],"wp:attachment":[{"href":"http:\/\/enteculturalsantafesino.com.ar\/usina1\/wp-json\/wp\/v2\/media?parent=11083"}],"wp:term":[{"taxonomy":"category","embeddable":true,"href":"http:\/\/enteculturalsantafesino.com.ar\/usina1\/wp-json\/wp\/v2\/categories?post=11083"},{"taxonomy":"post_tag","embeddable":true,"href":"http:\/\/enteculturalsantafesino.com.ar\/usina1\/wp-json\/wp\/v2\/tags?post=11083"}],"curies":[{"name":"wp","href":"https:\/\/api.w.org\/{rel}","templated":true}]}}