{"id":11091,"date":"2013-08-05T19:17:16","date_gmt":"2013-08-05T19:17:16","guid":{"rendered":"http:\/\/entecultura.com.ar\/usina1\/?p=11091"},"modified":"2013-08-05T19:17:16","modified_gmt":"2013-08-05T19:17:16","slug":"festejos-del-dia-del-nino-en-el-trebol","status":"publish","type":"post","link":"http:\/\/enteculturalsantafesino.com.ar\/usina1\/2013\/08\/festejos-del-dia-del-nino-en-el-trebol\/","title":{"rendered":"Festejos del D\u00eda del Ni\u00f1o en El Tr\u00e9bol"},"content":{"rendered":"<p>El mismo tuvo lugar en la hermos\u00edsima tarde de Domingo en el Predio del Ecol\u00f3gico <a href=\"http:\/\/enteculturalsantafesino.com.ar\/usina1\/wp-content\/uploads\/2013\/08\/timthumb1.jpg\" rel=\"lightbox[11091]\"><img loading=\"lazy\" decoding=\"async\" class=\"alignright size-medium wp-image-11093\" alt=\"timthumb\" src=\"http:\/\/enteculturalsantafesino.com.ar\/usina1\/wp-content\/uploads\/2013\/08\/timthumb1.jpg\" width=\"190\" height=\"160\" \/><\/a><\/p>\n<p>ante una convocatoria inmejorable de ni\u00f1os y familias de la ciudad y la regi\u00f3n.<\/p>\n<p>Hubo juegos de todos los estilos y colores y para todas las edades y por supuesto un sin fin de golosinas para cada uno de los peques.<\/p>\n<p>El evento fue organizado por el \u00c1rea de Deportes de la Municipalidad de El Tr\u00e9bol y cont\u00f3 con el apoyo de distintas instituciones de la ciudad como Club Atl\u00e9tico El Expreso, Club Atl\u00e9tico Trebolense, la Biblioteca Popular \u201cDomingo Piccolo\u201d, el grupo \u201cGeneradores de Cambio\u201d, Rotary Club El Tr\u00e9bol y la Rueda de la Amistad, la Academia Henry Martin, la Nueva Iglesia Evang\u00e9lica \u201cBautista de Fe\u201d y Atletas El Tr\u00e9bol.<\/p>\n<p>Adem\u00e1s de los juegos, sobre el escenario, hubo espect\u00e1culos musicales con la presentaci\u00f3n del Grupo \u201cViruta y Sudor\u201d de El Bols\u00f3n, que lleg\u00f3 para traer alegr\u00eda y sonrisas con sus canciones y luego ritmos y coreograf\u00edas de baile a cargo de la Academia Henry Martin.<\/p>\n<p>Tras eso y como a\u00f1o, tambi\u00e9n se realizaron sorteos con importantes premios y regalos para todos los chicos.<\/p>\n<p>La Directora del \u00c1rea de Educaci\u00f3n y Cultura, Alejandra Vismara, estuvo presente en los festejos y manifest\u00f3:<a href=\"http:\/\/enteculturalsantafesino.com.ar\/usina1\/wp-content\/uploads\/2013\/08\/timthumb-2.jpg\" rel=\"lightbox[11091]\"><img loading=\"lazy\" decoding=\"async\" class=\"alignright size-full wp-image-11092\" alt=\"timthumb 2\" src=\"http:\/\/enteculturalsantafesino.com.ar\/usina1\/wp-content\/uploads\/2013\/08\/timthumb-2.jpg\" width=\"190\" height=\"160\" \/><\/a><\/p>\n<p>\u201cPrincipalmente debemos agradecerle a Dios por el fant\u00e1stico D\u00eda que nos ha dado. Las familias han acompa\u00f1ado de gran manera, los chicos se divirtieron y disfrutaron de todo y eso nos pone muy contentos. Quiero agradecer a Cristian (Piancatelli) que fue el encargado de organizar este gran evento, a todas las instituciones que se han sumado y que hicieron posible tambi\u00e9n que esto sea una realidad y tambi\u00e9n a la comunidad por asistir al evento y ser parte de esta jornada en familia\u201d, explic\u00f3 Vismara.<\/p>\n<p>fuente:\u00a0www.radioeltrebol.com.ar.<\/p>\n<p>&nbsp;<\/p>\n","protected":false},"excerpt":{"rendered":"<p>El mismo tuvo lugar en la hermos\u00edsima tarde de Domingo en el Predio del Ecol\u00f3gico ante una [&hellip;]<\/p>\n","protected":false},"author":3,"featured_media":11092,"comment_status":"closed","ping_status":"closed","sticky":false,"template":"","format":"standard","meta":{"_jetpack_memberships_contains_paid_content":false,"footnotes":"","jetpack_publicize_message":"","jetpack_publicize_feature_enabled":true,"jetpack_social_post_already_shared":false,"jetpack_social_options":{"image_generator_settings":{"template":"highway","enabled":false}}},"categories":[18],"tags":[],"jetpack_publicize_connections":[],"jetpack_sharing_enabled":true,"jetpack_featured_media_url":"http:\/\/enteculturalsantafesino.com.ar\/usina1\/wp-content\/uploads\/2013\/08\/timthumb-2.jpg","_links":{"self":[{"href":"http:\/\/enteculturalsantafesino.com.ar\/usina1\/wp-json\/wp\/v2\/posts\/11091"}],"collection":[{"href":"http:\/\/enteculturalsantafesino.com.ar\/usina1\/wp-json\/wp\/v2\/posts"}],"about":[{"href":"http:\/\/enteculturalsantafesino.com.ar\/usina1\/wp-json\/wp\/v2\/types\/post"}],"author":[{"embeddable":true,"href":"http:\/\/enteculturalsantafesino.com.ar\/usina1\/wp-json\/wp\/v2\/users\/3"}],"replies":[{"embeddable":true,"href":"http:\/\/enteculturalsantafesino.com.ar\/usina1\/wp-json\/wp\/v2\/comments?post=11091"}],"version-history":[{"count":0,"href":"http:\/\/enteculturalsantafesino.com.ar\/usina1\/wp-json\/wp\/v2\/posts\/11091\/revisions"}],"wp:featuredmedia":[{"embeddable":true,"href":"http:\/\/enteculturalsantafesino.com.ar\/usina1\/wp-json\/wp\/v2\/media\/11092"}],"wp:attachment":[{"href":"http:\/\/enteculturalsantafesino.com.ar\/usina1\/wp-json\/wp\/v2\/media?parent=11091"}],"wp:term":[{"taxonomy":"category","embeddable":true,"href":"http:\/\/enteculturalsantafesino.com.ar\/usina1\/wp-json\/wp\/v2\/categories?post=11091"},{"taxonomy":"post_tag","embeddable":true,"href":"http:\/\/enteculturalsantafesino.com.ar\/usina1\/wp-json\/wp\/v2\/tags?post=11091"}],"curies":[{"name":"wp","href":"https:\/\/api.w.org\/{rel}","templated":true}]}}