{"id":11096,"date":"2013-08-05T19:21:00","date_gmt":"2013-08-05T19:21:00","guid":{"rendered":"http:\/\/entecultura.com.ar\/usina1\/?p=11096"},"modified":"2013-08-05T19:21:00","modified_gmt":"2013-08-05T19:21:00","slug":"san-jorge-se-agregan-5-funciones-de-metegol","status":"publish","type":"post","link":"http:\/\/enteculturalsantafesino.com.ar\/usina1\/2013\/08\/san-jorge-se-agregan-5-funciones-de-metegol\/","title":{"rendered":"San Jorge: Se agregan 5 funciones de \u00abMetegol\u00bb"},"content":{"rendered":"<p>La Coordinadora de la Sala de Cine Olga Zubarry de la Municipalidad de San Jorge,<a href=\"http:\/\/enteculturalsantafesino.com.ar\/usina1\/wp-content\/uploads\/2013\/08\/150x211-images-stories-metegol-pelcula.jpg\" rel=\"lightbox[11096]\"><img loading=\"lazy\" decoding=\"async\" class=\"alignright size-full wp-image-11072\" alt=\"150x211-images-stories-metegol-pelcula\" src=\"http:\/\/enteculturalsantafesino.com.ar\/usina1\/wp-content\/uploads\/2013\/08\/150x211-images-stories-metegol-pelcula.jpg\" width=\"150\" height=\"211\" \/><\/a><\/p>\n<p>debido a la gran afluencia de p\u00fablico es las funciones del fin de semana, superando los 1200 espectadores, y por pedido del p\u00fablico, se ha decidido agregar m\u00e1s funciones a las ya programadas, quedando el cronograma de proyecci\u00f3n de \u201cMETEGOL\u201d de la siguiente manera:<\/p>\n<p>LUNES 05\/08 21:30 HS.<\/p>\n<p>MARTES 06\/08 20:00 HS.<\/p>\n<p>VIERNES 09\/08 21:30 HS.<\/p>\n<p>S\u00c1BADO 10\/08 16:00 \u2013 18:00 HS.<\/p>\n<p>DOMINGO 11\/08 19:00 HS.<\/p>\n<p>GENERO: Familiar, Deportes, Aventuras, Animaci\u00f3n. &#8211; DURACION: 106 Minutos<\/p>\n<p>Apta todo p\u00fablico<\/p>\n<p>ENTRADA GENERAL $ 20.-<\/p>\n<p>LA BOLETER\u00cdA SE ABRIR\u00c1 UNA HORA ANTES DE CADA FUNCI\u00d3N<\/p>\n<p>&nbsp;<\/p>\n","protected":false},"excerpt":{"rendered":"<p>La Coordinadora de la Sala de Cine Olga Zubarry de la Municipalidad de San Jorge, debido a [&hellip;]<\/p>\n","protected":false},"author":3,"featured_media":11072,"comment_status":"closed","ping_status":"closed","sticky":false,"template":"","format":"standard","meta":{"_jetpack_memberships_contains_paid_content":false,"footnotes":"","jetpack_publicize_message":"","jetpack_publicize_feature_enabled":true,"jetpack_social_post_already_shared":false,"jetpack_social_options":{"image_generator_settings":{"template":"highway","enabled":false}}},"categories":[16],"tags":[],"jetpack_publicize_connections":[],"jetpack_sharing_enabled":true,"jetpack_featured_media_url":"http:\/\/enteculturalsantafesino.com.ar\/usina1\/wp-content\/uploads\/2013\/08\/150x211-images-stories-metegol-pelcula.jpg","_links":{"self":[{"href":"http:\/\/enteculturalsantafesino.com.ar\/usina1\/wp-json\/wp\/v2\/posts\/11096"}],"collection":[{"href":"http:\/\/enteculturalsantafesino.com.ar\/usina1\/wp-json\/wp\/v2\/posts"}],"about":[{"href":"http:\/\/enteculturalsantafesino.com.ar\/usina1\/wp-json\/wp\/v2\/types\/post"}],"author":[{"embeddable":true,"href":"http:\/\/enteculturalsantafesino.com.ar\/usina1\/wp-json\/wp\/v2\/users\/3"}],"replies":[{"embeddable":true,"href":"http:\/\/enteculturalsantafesino.com.ar\/usina1\/wp-json\/wp\/v2\/comments?post=11096"}],"version-history":[{"count":0,"href":"http:\/\/enteculturalsantafesino.com.ar\/usina1\/wp-json\/wp\/v2\/posts\/11096\/revisions"}],"wp:featuredmedia":[{"embeddable":true,"href":"http:\/\/enteculturalsantafesino.com.ar\/usina1\/wp-json\/wp\/v2\/media\/11072"}],"wp:attachment":[{"href":"http:\/\/enteculturalsantafesino.com.ar\/usina1\/wp-json\/wp\/v2\/media?parent=11096"}],"wp:term":[{"taxonomy":"category","embeddable":true,"href":"http:\/\/enteculturalsantafesino.com.ar\/usina1\/wp-json\/wp\/v2\/categories?post=11096"},{"taxonomy":"post_tag","embeddable":true,"href":"http:\/\/enteculturalsantafesino.com.ar\/usina1\/wp-json\/wp\/v2\/tags?post=11096"}],"curies":[{"name":"wp","href":"https:\/\/api.w.org\/{rel}","templated":true}]}}