{"id":11101,"date":"2013-08-05T19:50:27","date_gmt":"2013-08-05T19:50:27","guid":{"rendered":"http:\/\/entecultura.com.ar\/usina1\/?p=11101"},"modified":"2013-08-05T19:50:27","modified_gmt":"2013-08-05T19:50:27","slug":"forma-y-color-2013-se-presentara-el-15-de-agosto-en-maria-susana","status":"publish","type":"post","link":"http:\/\/enteculturalsantafesino.com.ar\/usina1\/2013\/08\/forma-y-color-2013-se-presentara-el-15-de-agosto-en-maria-susana\/","title":{"rendered":"\u00abForma y Color 2013\u00bb se presentar\u00e1 el 15 de agosto en Mar\u00eda Susana"},"content":{"rendered":"<p>El Ente de Cultura convoca a todos los Artistas Pl\u00e1sticos de las comunidades<a href=\"http:\/\/enteculturalsantafesino.com.ar\/usina1\/wp-content\/uploads\/2013\/07\/SATRE-ARTISTAS1.jpg\" rel=\"lightbox[11101]\"><img loading=\"lazy\" decoding=\"async\" class=\"alignright size-medium wp-image-10832\" alt=\"SATRE-ARTISTAS\" src=\"http:\/\/enteculturalsantafesino.com.ar\/usina1\/wp-content\/uploads\/2013\/07\/SATRE-ARTISTAS1-168x300.jpg\" width=\"168\" height=\"300\" srcset=\"http:\/\/enteculturalsantafesino.com.ar\/usina1\/wp-content\/uploads\/2013\/07\/SATRE-ARTISTAS1-168x300.jpg 168w, http:\/\/enteculturalsantafesino.com.ar\/usina1\/wp-content\/uploads\/2013\/07\/SATRE-ARTISTAS1.jpg 540w\" sizes=\"(max-width: 168px) 100vw, 168px\" \/><\/a><\/p>\n<p>que conforman dicha Asociaci\u00f3n Cultural a sumarse al Programa Cultural denominado \u00abForma y Color 2013\u00bb el cual posee como finalidad organizar m\u00faltiples y diversas muestras de Artistas Pl\u00e1sticos, los cuales expondr\u00e1n sus trabajos en las diversas jornadas programadas dentro de las Usinas Culturales y de la Galer\u00eda Virtual dentro del sitio oficial, originando un espacio de interacci\u00f3n entre distintas personalidades (artistas), t\u00e9cnicas, y habitantes de nuestra regi\u00f3n. SUMATE A LA RUTA CULTURAL. www.enteculturalsantafesino.com.ar<br \/>\nBases de Forma y Color.<br \/>\nArt. 1 El Ente de Cultura y su departamento de Pl\u00e1stica a cargo de la Secretaria de Cultura de la Municipalidad de Sastre-Ortiz Guillermina Milocco, convocan al programa cultural \u201cForma y Color\u201d, cuya inscripci\u00f3n previa deber\u00e1 realizarse por correo electr\u00f3nico (contacto@enteculturalsantafesino.com.ar o liceo92@hotmail.com) solicitando el formulario de inscripci\u00f3n; junto a dicho formulario deber\u00e1n enviarse fotos de las obras a exponer, las cuales pasar\u00e1n a formar parte de la galer\u00eda art\u00edstica virtual de la p\u00e1gina del Ente de Cultura.<br \/>\nArt. 2 \u2013Las exposiciones se realizar\u00e1n en las distintas Usinas Culturales los d\u00edas:<strong><span style=\"color: #ff0000;\"> Usina I: 15 de agosto \u2013 Mar\u00eda Susana<\/span><\/strong> \/ <span style=\"color: #339966;\"><strong>Usina II: Sunchales<\/strong> 30 de agosto<\/span><br \/>\nArt. 3 \u2013 La fecha l\u00edmite para realizar las inscripciones y entregar las obras (fotos) ser\u00e1 e<span style=\"color: #ff0000;\">l<\/span><strong><span style=\"color: #ff0000;\"> Lunes 12 de agosto Mar\u00eda Susana<\/span><\/strong> y <strong><span style=\"color: #339966;\">26 de agosto Sunchales.<\/span><\/strong><br \/>\nArt. 4 \u2013 Podr\u00e1n participar todos los artistas nacionales y extranjeros (profesionales o aficionados) sin l\u00edmite de edad.<br \/>\nArt. 5 \u2013 La t\u00e9cnica propuesta es dibujo y\/o pintura y el tema es libre, el soporte no podr\u00e1 superar un m\u00e1ximo de 1,5 mtros y un m\u00ednimo de 1mtros.<br \/>\nArt. 6 \u2013Se recibir\u00e1n hasta un m\u00e1ximo de 8 obras por comunidad .<br \/>\nArt. 7 \u2013 La recepci\u00f3n de las obras ser\u00e1 en las diversas Secretar\u00edas de Cultura de la localidad perteneciente al Artista Pl\u00e1stico participante.<a href=\"http:\/\/enteculturalsantafesino.com.ar\/usina1\/wp-content\/uploads\/2013\/07\/san-jorge-023.jpg\" rel=\"lightbox[11101]\"><img loading=\"lazy\" decoding=\"async\" class=\"alignright size-medium wp-image-10622\" alt=\"san jorge 023\" src=\"http:\/\/enteculturalsantafesino.com.ar\/usina1\/wp-content\/uploads\/2013\/07\/san-jorge-023-300x224.jpg\" width=\"300\" height=\"224\" srcset=\"http:\/\/enteculturalsantafesino.com.ar\/usina1\/wp-content\/uploads\/2013\/07\/san-jorge-023-300x224.jpg 300w, http:\/\/enteculturalsantafesino.com.ar\/usina1\/wp-content\/uploads\/2013\/07\/san-jorge-023-1024x768.jpg 1024w, http:\/\/enteculturalsantafesino.com.ar\/usina1\/wp-content\/uploads\/2013\/07\/san-jorge-023.jpg 1200w\" sizes=\"(max-width: 300px) 100vw, 300px\" \/><\/a><br \/>\nArt. 8 \u2013 Las obras deber\u00e1n ser presentadas debidamente embaladas y rotuladas con nombre y apellido del artista y t\u00edtulo de la obra, para as\u00ed ser expuesta en alguna de las localidades mencionadas en el art\u00edculo anterior.<br \/>\nArt. 9 \u2013 Cada pintor podr\u00e1 poner precio a su obra si le interesa la venta de la misma y la transacci\u00f3n producto de esta intenci\u00f3n, correr\u00e1 por exclusiva cuenta del artista, deslig\u00e1ndose el Ente de Cultura de toda responsabilidad.<br \/>\nArt. 10 \u2013 El Ente de Cultura no se responsabiliza por eventuales da\u00f1os o extrav\u00edos.<br \/>\nArt. 11 \u2013 La participaci\u00f3n en el encuentro implica el conocimiento y aceptaci\u00f3n de ese reglamento y se deja constancia que todo aquello que no est\u00e9 previsto en el presente ser\u00e1 resuelto por el Ente de Cultura.-<\/p>\n","protected":false},"excerpt":{"rendered":"<p>El Ente de Cultura convoca a todos los Artistas Pl\u00e1sticos de las comunidades que conforman dicha Asociaci\u00f3n [&hellip;]<\/p>\n","protected":false},"author":3,"featured_media":10622,"comment_status":"closed","ping_status":"closed","sticky":false,"template":"","format":"standard","meta":{"_jetpack_memberships_contains_paid_content":false,"footnotes":"","jetpack_publicize_message":"","jetpack_publicize_feature_enabled":true,"jetpack_social_post_already_shared":false,"jetpack_social_options":{"image_generator_settings":{"template":"highway","enabled":false}}},"categories":[30],"tags":[],"jetpack_publicize_connections":[],"jetpack_sharing_enabled":true,"jetpack_featured_media_url":"http:\/\/enteculturalsantafesino.com.ar\/usina1\/wp-content\/uploads\/2013\/07\/san-jorge-023.jpg","_links":{"self":[{"href":"http:\/\/enteculturalsantafesino.com.ar\/usina1\/wp-json\/wp\/v2\/posts\/11101"}],"collection":[{"href":"http:\/\/enteculturalsantafesino.com.ar\/usina1\/wp-json\/wp\/v2\/posts"}],"about":[{"href":"http:\/\/enteculturalsantafesino.com.ar\/usina1\/wp-json\/wp\/v2\/types\/post"}],"author":[{"embeddable":true,"href":"http:\/\/enteculturalsantafesino.com.ar\/usina1\/wp-json\/wp\/v2\/users\/3"}],"replies":[{"embeddable":true,"href":"http:\/\/enteculturalsantafesino.com.ar\/usina1\/wp-json\/wp\/v2\/comments?post=11101"}],"version-history":[{"count":0,"href":"http:\/\/enteculturalsantafesino.com.ar\/usina1\/wp-json\/wp\/v2\/posts\/11101\/revisions"}],"wp:featuredmedia":[{"embeddable":true,"href":"http:\/\/enteculturalsantafesino.com.ar\/usina1\/wp-json\/wp\/v2\/media\/10622"}],"wp:attachment":[{"href":"http:\/\/enteculturalsantafesino.com.ar\/usina1\/wp-json\/wp\/v2\/media?parent=11101"}],"wp:term":[{"taxonomy":"category","embeddable":true,"href":"http:\/\/enteculturalsantafesino.com.ar\/usina1\/wp-json\/wp\/v2\/categories?post=11101"},{"taxonomy":"post_tag","embeddable":true,"href":"http:\/\/enteculturalsantafesino.com.ar\/usina1\/wp-json\/wp\/v2\/tags?post=11101"}],"curies":[{"name":"wp","href":"https:\/\/api.w.org\/{rel}","templated":true}]}}