{"id":11104,"date":"2013-08-05T20:16:40","date_gmt":"2013-08-05T20:16:40","guid":{"rendered":"http:\/\/entecultura.com.ar\/usina1\/?p=11104"},"modified":"2013-08-05T20:16:40","modified_gmt":"2013-08-05T20:16:40","slug":"excelente-capacitacion-de-teatro-brindo-el-ente-cultural-santafesino","status":"publish","type":"post","link":"http:\/\/enteculturalsantafesino.com.ar\/usina1\/2013\/08\/excelente-capacitacion-de-teatro-brindo-el-ente-cultural-santafesino\/","title":{"rendered":"Excelente Capacitaci\u00f3n de Teatro brind\u00f3 el Ente Cultural Santafesino"},"content":{"rendered":"<p>A trav\u00e9s del <a href=\"http:\/\/www.enteculturalsantafesino.com.ar\">Ente Cultural <\/a>se llev\u00f3 a cabo una nueva capacitaci\u00f3n con el objetivo de<a href=\"http:\/\/enteculturalsantafesino.com.ar\/usina1\/wp-content\/uploads\/2013\/08\/listo.jpg\" rel=\"lightbox[11104]\"><img loading=\"lazy\" decoding=\"async\" class=\"alignright size-medium wp-image-11105\" alt=\"listo\" src=\"http:\/\/enteculturalsantafesino.com.ar\/usina1\/wp-content\/uploads\/2013\/08\/listo-300x222.jpg\" width=\"300\" height=\"222\" srcset=\"http:\/\/enteculturalsantafesino.com.ar\/usina1\/wp-content\/uploads\/2013\/08\/listo-300x222.jpg 300w, http:\/\/enteculturalsantafesino.com.ar\/usina1\/wp-content\/uploads\/2013\/08\/listo.jpg 960w\" sizes=\"(max-width: 300px) 100vw, 300px\" \/><\/a><\/p>\n<p>jerarquizar y brindar diversa ofertas que consoliden el talento y la creatividad de nuestros art\u00edstas regionales.<\/p>\n<p>El \u00faltimo <strong><em>s\u00e1bado 3 de agosto en el Centro Cultural Cervantes de El Tr\u00e9bol de 9 a 17 h<\/em><\/strong>s a cargo de <strong>Carlos Abdo<\/strong> se llev\u00f3 a cabo un Taller de Teatro destinado a todos los amantes de la actuaci\u00f3n que llegaron de distintas comunidades que integran la Usina I y II del Ente Cultural.<\/p>\n<p>Se trabaj\u00f3 con consignas de activaci\u00f3n grupal, ejercicios de improvisaci\u00f3n,construcci\u00f3n de espacios sonoros y materiales, discusiones grupales donde los integrantes del taller coparticipen en la construcci\u00f3n del encuadre del trabajo.<\/p>\n<p><em>\u00abEl objetivo es trabajar haciendo foco en la opini\u00f3n y en la idea de la escena, como herramienta del actor. En este sentido, esta idea-opini\u00f3n, esta basamentada en la experiencia (en tanto recorrido), que cada actor haya podido acumular, en su trayectoria de ensayos y puestas en escena.<\/em><\/p>\n<p><em>El supuesto del que partimos es que la experiencia genera \u201copini\u00f3n\u201d sobre la escena, y que la \u201cidea\u201d que no cuenta con un anclaje en la experiencia es un factor conspirativo para la construcci\u00f3n esc\u00e9nica. Entendemos que la materia con la que trabaja el teatro, y por consiguiente el actor, se encuentra en la distancia \u00a0que existe entre lo que quiero y lo que me sale\u00bb<\/em>; sostuvo Carlos Abdo en su visita a El Tr\u00e9bol.<\/p>\n<p>La <strong>Directora de Cultura y Educaci\u00f3n de El Tr\u00e9bol y Presidenta del Ente Cultural-Prof. Alejandra Vismara<\/strong>, agradeci\u00f3 a todos los participantes destacando que <em>\u00abestos espacios se encuentran planificados y gestionados desde el Ente Cultural como una herramienta no s\u00f3lo de jeraquizaci\u00f3n en cada expresi\u00f3n cultural, sino tambi\u00e9n de encuentro entre vecinos de distintas comunidades que conforman este espacio cultural santafesino\u00bb.<\/em><\/p>\n<p>&nbsp;<\/p>\n","protected":false},"excerpt":{"rendered":"<p>A trav\u00e9s del Ente Cultural se llev\u00f3 a cabo una nueva capacitaci\u00f3n con el objetivo de jerarquizar [&hellip;]<\/p>\n","protected":false},"author":3,"featured_media":11105,"comment_status":"closed","ping_status":"closed","sticky":false,"template":"","format":"standard","meta":{"_jetpack_memberships_contains_paid_content":false,"footnotes":"","jetpack_publicize_message":"","jetpack_publicize_feature_enabled":true,"jetpack_social_post_already_shared":false,"jetpack_social_options":{"image_generator_settings":{"template":"highway","enabled":false}}},"categories":[18,38],"tags":[],"jetpack_publicize_connections":[],"jetpack_sharing_enabled":true,"jetpack_featured_media_url":"http:\/\/enteculturalsantafesino.com.ar\/usina1\/wp-content\/uploads\/2013\/08\/listo.jpg","_links":{"self":[{"href":"http:\/\/enteculturalsantafesino.com.ar\/usina1\/wp-json\/wp\/v2\/posts\/11104"}],"collection":[{"href":"http:\/\/enteculturalsantafesino.com.ar\/usina1\/wp-json\/wp\/v2\/posts"}],"about":[{"href":"http:\/\/enteculturalsantafesino.com.ar\/usina1\/wp-json\/wp\/v2\/types\/post"}],"author":[{"embeddable":true,"href":"http:\/\/enteculturalsantafesino.com.ar\/usina1\/wp-json\/wp\/v2\/users\/3"}],"replies":[{"embeddable":true,"href":"http:\/\/enteculturalsantafesino.com.ar\/usina1\/wp-json\/wp\/v2\/comments?post=11104"}],"version-history":[{"count":0,"href":"http:\/\/enteculturalsantafesino.com.ar\/usina1\/wp-json\/wp\/v2\/posts\/11104\/revisions"}],"wp:featuredmedia":[{"embeddable":true,"href":"http:\/\/enteculturalsantafesino.com.ar\/usina1\/wp-json\/wp\/v2\/media\/11105"}],"wp:attachment":[{"href":"http:\/\/enteculturalsantafesino.com.ar\/usina1\/wp-json\/wp\/v2\/media?parent=11104"}],"wp:term":[{"taxonomy":"category","embeddable":true,"href":"http:\/\/enteculturalsantafesino.com.ar\/usina1\/wp-json\/wp\/v2\/categories?post=11104"},{"taxonomy":"post_tag","embeddable":true,"href":"http:\/\/enteculturalsantafesino.com.ar\/usina1\/wp-json\/wp\/v2\/tags?post=11104"}],"curies":[{"name":"wp","href":"https:\/\/api.w.org\/{rel}","templated":true}]}}