{"id":11108,"date":"2013-08-05T20:15:01","date_gmt":"2013-08-05T20:15:01","guid":{"rendered":"http:\/\/entecultura.com.ar\/usina1\/?p=11108"},"modified":"2013-08-05T20:30:31","modified_gmt":"2013-08-05T20:30:31","slug":"11108","status":"publish","type":"post","link":"http:\/\/enteculturalsantafesino.com.ar\/usina1\/2013\/08\/11108\/","title":{"rendered":"Multitudinario festejos por el D\u00eda del Ni\u00f1o en Ca\u00f1ada de G\u00f3mez"},"content":{"rendered":"<p>Bajo la consigna Mes de los Ni\u00f1os el municipio convoc\u00f3 en Plaza San Mart\u00edn<a href=\"http:\/\/enteculturalsantafesino.com.ar\/usina1\/wp-content\/uploads\/2013\/08\/969808_334836123318168_97902043_n.jpg\" rel=\"lightbox[11108]\"><img loading=\"lazy\" decoding=\"async\" class=\"alignright size-medium wp-image-11109\" alt=\"969808_334836123318168_97902043_n\" src=\"http:\/\/enteculturalsantafesino.com.ar\/usina1\/wp-content\/uploads\/2013\/08\/969808_334836123318168_97902043_n-300x168.jpg\" width=\"300\" height=\"168\" srcset=\"http:\/\/enteculturalsantafesino.com.ar\/usina1\/wp-content\/uploads\/2013\/08\/969808_334836123318168_97902043_n-300x168.jpg 300w, http:\/\/enteculturalsantafesino.com.ar\/usina1\/wp-content\/uploads\/2013\/08\/969808_334836123318168_97902043_n.jpg 960w\" sizes=\"(max-width: 300px) 100vw, 300px\" \/><\/a><\/p>\n<p>a una multitud de familias que disfrutaron de espect\u00e1culos infantiles, juegos tradicionales y numerosos sorteos en una jornada donde el clima acompa\u00f1o el festejo. En representaci\u00f3n de la intendenta municipal el secretario de producci\u00f3n Marcelo Cogno encabez\u00f3 la masiva celebraci\u00f3n en su tramo final, donde manifest\u00f3 ante el p\u00fablico presente que \u201ces una gran satisfacci\u00f3n ver por segundo domingo consecutivo a nuestra querida plaza colmada de ca\u00f1adenses disfrutando de las propuestas recreativas gratuitas que se disponen desde la municipalidad\u00bb.<\/p>\n<p>Desde las 14 horas los padres que se acercaron con sus chicos pudieron recorrer los numerosos espacios l\u00fadicos que se desplegaron a lo largo de toda la calle Aizpuru, desde inflables pasando por f\u00fatbol tenis, el m\u00edtico tumbalatas hasta las iniciativas propias de Viagm\u00e1gica, siempre presente en este tipo de actividades.<\/p>\n<p>Con la animaci\u00f3n de Tumba y la participaci\u00f3n del mago Reao en el escenario central no cesaron las presentaciones de espect\u00e1culos hasta pasadas las 18 hs. El p\u00fablico permaneci\u00f3 expectante ya que a mitad de la tarde comenzaron numerosos sorteos, entre ellos el de varias bicicletas.<\/p>\n<p>\u201cSeguimos trabajando para que nuestros espacios p\u00fablicos adem\u00e1s de contar con la infraestructura que la gente se merece, tengan una oferta cultural y recreativa de car\u00e1cter gratuito para que toda la familia la pueda disfrutar. La respuesta de los ca\u00f1adenses a la propuesta del municipio ha sido contundente por eso planificamos continuar durante todo el mes de los ni\u00f1os con m\u00e1s actividades recreativas en todos los espacios municipales\u201d, evalu\u00f3 Marcelo Cogno<\/p>\n","protected":false},"excerpt":{"rendered":"<p>Bajo la consigna Mes de los Ni\u00f1os el municipio convoc\u00f3 en Plaza San Mart\u00edn a una multitud [&hellip;]<\/p>\n","protected":false},"author":3,"featured_media":11109,"comment_status":"closed","ping_status":"closed","sticky":false,"template":"","format":"standard","meta":{"_jetpack_memberships_contains_paid_content":false,"footnotes":"","jetpack_publicize_message":"","jetpack_publicize_feature_enabled":true,"jetpack_social_post_already_shared":false,"jetpack_social_options":{"image_generator_settings":{"template":"highway","enabled":false}}},"categories":[11],"tags":[],"jetpack_publicize_connections":[],"jetpack_sharing_enabled":true,"jetpack_featured_media_url":"http:\/\/enteculturalsantafesino.com.ar\/usina1\/wp-content\/uploads\/2013\/08\/969808_334836123318168_97902043_n.jpg","_links":{"self":[{"href":"http:\/\/enteculturalsantafesino.com.ar\/usina1\/wp-json\/wp\/v2\/posts\/11108"}],"collection":[{"href":"http:\/\/enteculturalsantafesino.com.ar\/usina1\/wp-json\/wp\/v2\/posts"}],"about":[{"href":"http:\/\/enteculturalsantafesino.com.ar\/usina1\/wp-json\/wp\/v2\/types\/post"}],"author":[{"embeddable":true,"href":"http:\/\/enteculturalsantafesino.com.ar\/usina1\/wp-json\/wp\/v2\/users\/3"}],"replies":[{"embeddable":true,"href":"http:\/\/enteculturalsantafesino.com.ar\/usina1\/wp-json\/wp\/v2\/comments?post=11108"}],"version-history":[{"count":0,"href":"http:\/\/enteculturalsantafesino.com.ar\/usina1\/wp-json\/wp\/v2\/posts\/11108\/revisions"}],"wp:featuredmedia":[{"embeddable":true,"href":"http:\/\/enteculturalsantafesino.com.ar\/usina1\/wp-json\/wp\/v2\/media\/11109"}],"wp:attachment":[{"href":"http:\/\/enteculturalsantafesino.com.ar\/usina1\/wp-json\/wp\/v2\/media?parent=11108"}],"wp:term":[{"taxonomy":"category","embeddable":true,"href":"http:\/\/enteculturalsantafesino.com.ar\/usina1\/wp-json\/wp\/v2\/categories?post=11108"},{"taxonomy":"post_tag","embeddable":true,"href":"http:\/\/enteculturalsantafesino.com.ar\/usina1\/wp-json\/wp\/v2\/tags?post=11108"}],"curies":[{"name":"wp","href":"https:\/\/api.w.org\/{rel}","templated":true}]}}