{"id":11114,"date":"2013-08-06T13:58:24","date_gmt":"2013-08-06T13:58:24","guid":{"rendered":"http:\/\/entecultura.com.ar\/usina1\/?p=11114"},"modified":"2013-08-06T14:04:35","modified_gmt":"2013-08-06T14:04:35","slug":"valmo-record-se-presento-en-la-feria-artesanal-emprender","status":"publish","type":"post","link":"http:\/\/enteculturalsantafesino.com.ar\/usina1\/2013\/08\/valmo-record-se-presento-en-la-feria-artesanal-emprender\/","title":{"rendered":"Correa: \u00abValmo Record\u00bb se present\u00f3 en la Feria Artesanal \u00abEmprender\u00bb"},"content":{"rendered":"<p>El pasado domingo se realiz\u00f3 una actividad cultural en el marco de la recuperaci\u00f3n<a href=\"http:\/\/enteculturalsantafesino.com.ar\/usina1\/wp-content\/uploads\/2013\/08\/970838_375509695907937_144545243_n.jpg\" rel=\"lightbox[11114]\"><img loading=\"lazy\" decoding=\"async\" class=\"alignright size-medium wp-image-11115\" alt=\"970838_375509695907937_144545243_n\" src=\"http:\/\/enteculturalsantafesino.com.ar\/usina1\/wp-content\/uploads\/2013\/08\/970838_375509695907937_144545243_n-300x225.jpg\" width=\"300\" height=\"225\" srcset=\"http:\/\/enteculturalsantafesino.com.ar\/usina1\/wp-content\/uploads\/2013\/08\/970838_375509695907937_144545243_n-300x225.jpg 300w, http:\/\/enteculturalsantafesino.com.ar\/usina1\/wp-content\/uploads\/2013\/08\/970838_375509695907937_144545243_n.jpg 960w\" sizes=\"(max-width: 300px) 100vw, 300px\" \/><\/a><\/p>\n<p>del ex Vivero comunal, donde a partir de esta semana funcionar\u00e1 en forma permanente <strong>\u00abEmprender. Feria artesanal\u00bb<\/strong> un espacio coordinado por la Comuna de Correa y el grupo de emprendedores locales.<\/p>\n<p>Finalizado el evento se present\u00f3 el grupo venezolano <strong>\u00abValmo Record\u00bb<\/strong> quien se encuentra visitando nuestra provincia a trav\u00e9s del programa perteneciente al<strong> Ente Cultural \u00abCompartiendo Cultura <\/strong><em><strong>\u00ab<\/strong> el cual se encuentra coordinando por el Secretario de Cultura de Correa Mariano Villarruel quien manifest\u00f3: <\/em><\/p>\n<p><em>Estos hermanos ya nos visitan por segunda vez y ya se encuentran en la recta final de esta gira extensa en distintas comunidades de nuestro territorio, es de celebrar la propuesta llevada \u00a0a cabo por Valmo Record y la recepci\u00f3n que tuvieron en los distintos espacios generados por cada Secretaria de Cultura\u00bb<\/em><\/p>\n<p><strong>Villa Elo\u00edsa\u00a0<a href=\"http:\/\/enteculturalsantafesino.com.ar\/usina1\/wp-content\/uploads\/2013\/08\/536702_632742053416347_1949521519_n.jpg\" rel=\"lightbox[11114]\"><img loading=\"lazy\" decoding=\"async\" class=\"alignright size-medium wp-image-11117\" alt=\"536702_632742053416347_1949521519_n\" src=\"http:\/\/enteculturalsantafesino.com.ar\/usina1\/wp-content\/uploads\/2013\/08\/536702_632742053416347_1949521519_n-300x225.jpg\" width=\"300\" height=\"225\" srcset=\"http:\/\/enteculturalsantafesino.com.ar\/usina1\/wp-content\/uploads\/2013\/08\/536702_632742053416347_1949521519_n-300x225.jpg 300w, http:\/\/enteculturalsantafesino.com.ar\/usina1\/wp-content\/uploads\/2013\/08\/536702_632742053416347_1949521519_n.jpg 960w\" sizes=\"(max-width: 300px) 100vw, 300px\" \/><\/a><\/strong><\/p>\n<p>El grupo musical lleg\u00f3 a la comunidad de Villa Elo\u00edsa imponiendo su ritmo, contagiando a todos los vecinos de la comunidad perteneciente al Depto.Iriondo.<\/p>\n<p>Adem\u00e1s se encuentran recorriendo distintos medios de difusi\u00f3n locales y regionales preparando su llegada a Ca\u00f1ada de G\u00f3mez (8 y 9 de agosto) en donde finalizar\u00e1 este nuevo intercambio cultural.<\/p>\n<p>&nbsp;<\/p>\n","protected":false},"excerpt":{"rendered":"<p>El pasado domingo se realiz\u00f3 una actividad cultural en el marco de la recuperaci\u00f3n del ex Vivero [&hellip;]<\/p>\n","protected":false},"author":3,"featured_media":11116,"comment_status":"closed","ping_status":"closed","sticky":false,"template":"","format":"standard","meta":{"_jetpack_memberships_contains_paid_content":false,"footnotes":"","jetpack_publicize_message":"","jetpack_publicize_feature_enabled":true,"jetpack_social_post_already_shared":false,"jetpack_social_options":{"image_generator_settings":{"template":"highway","enabled":false}}},"categories":[21,38],"tags":[36,35],"jetpack_publicize_connections":[],"jetpack_sharing_enabled":true,"jetpack_featured_media_url":"http:\/\/enteculturalsantafesino.com.ar\/usina1\/wp-content\/uploads\/2013\/08\/971006_375510999241140_1417002575_n.jpg","_links":{"self":[{"href":"http:\/\/enteculturalsantafesino.com.ar\/usina1\/wp-json\/wp\/v2\/posts\/11114"}],"collection":[{"href":"http:\/\/enteculturalsantafesino.com.ar\/usina1\/wp-json\/wp\/v2\/posts"}],"about":[{"href":"http:\/\/enteculturalsantafesino.com.ar\/usina1\/wp-json\/wp\/v2\/types\/post"}],"author":[{"embeddable":true,"href":"http:\/\/enteculturalsantafesino.com.ar\/usina1\/wp-json\/wp\/v2\/users\/3"}],"replies":[{"embeddable":true,"href":"http:\/\/enteculturalsantafesino.com.ar\/usina1\/wp-json\/wp\/v2\/comments?post=11114"}],"version-history":[{"count":0,"href":"http:\/\/enteculturalsantafesino.com.ar\/usina1\/wp-json\/wp\/v2\/posts\/11114\/revisions"}],"wp:featuredmedia":[{"embeddable":true,"href":"http:\/\/enteculturalsantafesino.com.ar\/usina1\/wp-json\/wp\/v2\/media\/11116"}],"wp:attachment":[{"href":"http:\/\/enteculturalsantafesino.com.ar\/usina1\/wp-json\/wp\/v2\/media?parent=11114"}],"wp:term":[{"taxonomy":"category","embeddable":true,"href":"http:\/\/enteculturalsantafesino.com.ar\/usina1\/wp-json\/wp\/v2\/categories?post=11114"},{"taxonomy":"post_tag","embeddable":true,"href":"http:\/\/enteculturalsantafesino.com.ar\/usina1\/wp-json\/wp\/v2\/tags?post=11114"}],"curies":[{"name":"wp","href":"https:\/\/api.w.org\/{rel}","templated":true}]}}