{"id":11121,"date":"2013-08-06T14:03:52","date_gmt":"2013-08-06T14:03:52","guid":{"rendered":"http:\/\/entecultura.com.ar\/usina1\/?p=11121"},"modified":"2013-08-06T14:03:52","modified_gmt":"2013-08-06T14:03:52","slug":"concurrido-dia-del-nino-en-carlos-pellegrini","status":"publish","type":"post","link":"http:\/\/enteculturalsantafesino.com.ar\/usina1\/2013\/08\/concurrido-dia-del-nino-en-carlos-pellegrini\/","title":{"rendered":"Concurrido D\u00eda del Ni\u00f1o en Carlos Pellegrini"},"content":{"rendered":"<p>El D\u00eda del Ni\u00f1o se festej\u00f3 ayer en Carlos Pellegrini, con los chicos del pueblo que llegaron<a href=\"http:\/\/enteculturalsantafesino.com.ar\/usina1\/wp-content\/uploads\/2013\/08\/phpThumb_generated_thumbnail3.jpeg\" rel=\"lightbox[11121]\"><img loading=\"lazy\" decoding=\"async\" class=\"alignright size-full wp-image-11122\" alt=\"phpThumb_generated_thumbnail\" src=\"http:\/\/enteculturalsantafesino.com.ar\/usina1\/wp-content\/uploads\/2013\/08\/phpThumb_generated_thumbnail3.jpeg\" width=\"200\" height=\"123\" \/><\/a><\/p>\n<p>al predio del Parque Centenario y al Centro Cultural, y disfrutaron junto a sus familias de la jornada organizada por la Comuna de Carlos Pellegrini.<\/p>\n<p>Con juego, espect\u00e1culos de magia, t\u00edteres, payasos, camas el\u00e1sticas, peloteros e inflables, la tarde se torn\u00f3 ideal para pasarla bien. Fue todo gratis y libre, s\u00f3lo para disfrutar.<\/p>\n<p>El Presidente Comunal Carlos Davalle expres\u00f3: \u201cBrillante jornada. Gracias a todos los que colaboraron con la Comuna para que todo salga excelente. Gracias artistas, gracias Infancia Misionera, gracias Esc. Sagrado Coraz\u00f3n, gracias vecinos por asociarse al festejo\u201d.<\/p>\n","protected":false},"excerpt":{"rendered":"<p>El D\u00eda del Ni\u00f1o se festej\u00f3 ayer en Carlos Pellegrini, con los chicos del pueblo que llegaron [&hellip;]<\/p>\n","protected":false},"author":3,"featured_media":11122,"comment_status":"closed","ping_status":"closed","sticky":false,"template":"","format":"standard","meta":{"_jetpack_memberships_contains_paid_content":false,"footnotes":"","jetpack_publicize_message":"","jetpack_publicize_feature_enabled":true,"jetpack_social_post_already_shared":false,"jetpack_social_options":{"image_generator_settings":{"template":"highway","enabled":false}}},"categories":[23],"tags":[],"jetpack_publicize_connections":[],"jetpack_sharing_enabled":true,"jetpack_featured_media_url":"http:\/\/enteculturalsantafesino.com.ar\/usina1\/wp-content\/uploads\/2013\/08\/phpThumb_generated_thumbnail3.jpeg","_links":{"self":[{"href":"http:\/\/enteculturalsantafesino.com.ar\/usina1\/wp-json\/wp\/v2\/posts\/11121"}],"collection":[{"href":"http:\/\/enteculturalsantafesino.com.ar\/usina1\/wp-json\/wp\/v2\/posts"}],"about":[{"href":"http:\/\/enteculturalsantafesino.com.ar\/usina1\/wp-json\/wp\/v2\/types\/post"}],"author":[{"embeddable":true,"href":"http:\/\/enteculturalsantafesino.com.ar\/usina1\/wp-json\/wp\/v2\/users\/3"}],"replies":[{"embeddable":true,"href":"http:\/\/enteculturalsantafesino.com.ar\/usina1\/wp-json\/wp\/v2\/comments?post=11121"}],"version-history":[{"count":0,"href":"http:\/\/enteculturalsantafesino.com.ar\/usina1\/wp-json\/wp\/v2\/posts\/11121\/revisions"}],"wp:featuredmedia":[{"embeddable":true,"href":"http:\/\/enteculturalsantafesino.com.ar\/usina1\/wp-json\/wp\/v2\/media\/11122"}],"wp:attachment":[{"href":"http:\/\/enteculturalsantafesino.com.ar\/usina1\/wp-json\/wp\/v2\/media?parent=11121"}],"wp:term":[{"taxonomy":"category","embeddable":true,"href":"http:\/\/enteculturalsantafesino.com.ar\/usina1\/wp-json\/wp\/v2\/categories?post=11121"},{"taxonomy":"post_tag","embeddable":true,"href":"http:\/\/enteculturalsantafesino.com.ar\/usina1\/wp-json\/wp\/v2\/tags?post=11121"}],"curies":[{"name":"wp","href":"https:\/\/api.w.org\/{rel}","templated":true}]}}