{"id":11133,"date":"2013-08-07T13:13:27","date_gmt":"2013-08-07T13:13:27","guid":{"rendered":"http:\/\/entecultura.com.ar\/usina1\/?p=11133"},"modified":"2013-08-07T13:14:16","modified_gmt":"2013-08-07T13:14:16","slug":"el-trebol-programa-de-los-festejos-patronales","status":"publish","type":"post","link":"http:\/\/enteculturalsantafesino.com.ar\/usina1\/2013\/08\/el-trebol-programa-de-los-festejos-patronales\/","title":{"rendered":"El Tr\u00e9bol: Programa de los Festejos Patronales"},"content":{"rendered":"<p>Desde las 14 hs. actividades, juegos mec\u00e1nicos y actuaciones en la Plaza San Mart\u00edn.<a href=\"http:\/\/enteculturalsantafesino.com.ar\/usina1\/wp-content\/uploads\/2013\/08\/1003907_564872103572699_836847462_n.jpg\" rel=\"lightbox[11133]\"><img loading=\"lazy\" decoding=\"async\" class=\"alignright size-full wp-image-11149\" alt=\"1003907_564872103572699_836847462_n\" src=\"http:\/\/enteculturalsantafesino.com.ar\/usina1\/wp-content\/uploads\/2013\/08\/1003907_564872103572699_836847462_n.jpg\" width=\"226\" height=\"223\" \/><\/a><br \/>\nFeria de artesanos. Promoci\u00f3n de Fiestas.<br \/>\n15:30: Procesi\u00f3n desde el lugar donde se construy\u00f3 la primera parroquia (Santa Fe 847 hasta la Parroquia actual), Celebraci\u00f3n de la Santa Misa.<br \/>\n16:30 hs. Banda Musical<br \/>\n17 hs:<strong> DAVID BOLZONI<\/strong><br \/>\n19 hs: En el Centro Cultural Cervantes: <strong>Coro Polif\u00f3nico Municipa<\/strong>l,presentaci\u00f3n de <strong>Nuestro Canto<\/strong><\/p>\n<p>La \u00a0presentaci\u00f3n exclusiva de J<strong>OS\u00c9 \u00c1NGEL TRELLES.<\/strong><\/p>\n<p>(entrada libre y gratuita)<\/p>\n<p>&nbsp;<\/p>\n<iframe class='youtube-player youtuber' type='text\/html' width='425' height='355' src='http:\/\/www.youtube.com\/embed\/IMTsVWOH_Qc?rel=0&amp;fs=1' webkitAllowFullScreen mozallowfullscreen allowFullScreen frameborder='0'><\/iframe>\n","protected":false},"excerpt":{"rendered":"<p>Desde las 14 hs. actividades, juegos mec\u00e1nicos y actuaciones en la Plaza San Mart\u00edn. Feria de artesanos. [&hellip;]<\/p>\n","protected":false},"author":3,"featured_media":11149,"comment_status":"closed","ping_status":"closed","sticky":false,"template":"","format":"standard","meta":{"_jetpack_memberships_contains_paid_content":false,"footnotes":"","jetpack_publicize_message":"","jetpack_publicize_feature_enabled":true,"jetpack_social_post_already_shared":false,"jetpack_social_options":{"image_generator_settings":{"template":"highway","enabled":false}}},"categories":[18,1],"tags":[],"jetpack_publicize_connections":[],"jetpack_sharing_enabled":true,"jetpack_featured_media_url":"http:\/\/enteculturalsantafesino.com.ar\/usina1\/wp-content\/uploads\/2013\/08\/1003907_564872103572699_836847462_n.jpg","_links":{"self":[{"href":"http:\/\/enteculturalsantafesino.com.ar\/usina1\/wp-json\/wp\/v2\/posts\/11133"}],"collection":[{"href":"http:\/\/enteculturalsantafesino.com.ar\/usina1\/wp-json\/wp\/v2\/posts"}],"about":[{"href":"http:\/\/enteculturalsantafesino.com.ar\/usina1\/wp-json\/wp\/v2\/types\/post"}],"author":[{"embeddable":true,"href":"http:\/\/enteculturalsantafesino.com.ar\/usina1\/wp-json\/wp\/v2\/users\/3"}],"replies":[{"embeddable":true,"href":"http:\/\/enteculturalsantafesino.com.ar\/usina1\/wp-json\/wp\/v2\/comments?post=11133"}],"version-history":[{"count":0,"href":"http:\/\/enteculturalsantafesino.com.ar\/usina1\/wp-json\/wp\/v2\/posts\/11133\/revisions"}],"wp:featuredmedia":[{"embeddable":true,"href":"http:\/\/enteculturalsantafesino.com.ar\/usina1\/wp-json\/wp\/v2\/media\/11149"}],"wp:attachment":[{"href":"http:\/\/enteculturalsantafesino.com.ar\/usina1\/wp-json\/wp\/v2\/media?parent=11133"}],"wp:term":[{"taxonomy":"category","embeddable":true,"href":"http:\/\/enteculturalsantafesino.com.ar\/usina1\/wp-json\/wp\/v2\/categories?post=11133"},{"taxonomy":"post_tag","embeddable":true,"href":"http:\/\/enteculturalsantafesino.com.ar\/usina1\/wp-json\/wp\/v2\/tags?post=11133"}],"curies":[{"name":"wp","href":"https:\/\/api.w.org\/{rel}","templated":true}]}}