{"id":11136,"date":"2013-08-07T12:50:49","date_gmt":"2013-08-07T12:50:49","guid":{"rendered":"http:\/\/entecultura.com.ar\/usina1\/?p=11136"},"modified":"2013-08-07T12:50:49","modified_gmt":"2013-08-07T12:50:49","slug":"san-jorge-megafestejo-municipal-dia-del-nino","status":"publish","type":"post","link":"http:\/\/enteculturalsantafesino.com.ar\/usina1\/2013\/08\/san-jorge-megafestejo-municipal-dia-del-nino\/","title":{"rendered":"San Jorge: Megafestejo Municipal \u00abD\u00eda del Ni\u00f1o\u00bb"},"content":{"rendered":"<p>Ayer domingo 4 de agosto Plaza San Mart\u00edn se visti\u00f3 de alegr\u00eda y color para festejar<a href=\"http:\/\/enteculturalsantafesino.com.ar\/usina1\/wp-content\/uploads\/2013\/08\/150x112-images-stories-dscn5132.jpg\" rel=\"lightbox[11136]\"><img loading=\"lazy\" decoding=\"async\" class=\"alignright size-full wp-image-11137\" alt=\"150x112-images-stories-dscn5132\" src=\"http:\/\/enteculturalsantafesino.com.ar\/usina1\/wp-content\/uploads\/2013\/08\/150x112-images-stories-dscn5132.jpg\" width=\"150\" height=\"112\" \/><\/a><\/p>\n<p>el D\u00cdA DEL NI\u00d1O, mega evento organizado por Municipalidad de San Jorge.<\/p>\n<p>A partir de las 14 hs. la familia de San Jorge comenz\u00f3 a disfrutar del hermoso d\u00eda de sol y los ni\u00f1os de los peloteros, camas el\u00e1sticas y golosinas gratis para todos, luego se present\u00f3 el proyecto \u201cLA CIUDAD DE LOS NI\u00d1OS\u201d, m\u00e1s tarde el \u00a0\u201cSHOW DE MUSA\u201d y como cierre \u201cMUNDO ARLEQU\u00cdN\u201d espect\u00e1culo de la ciudad de Buenos Aires.<\/p>\n<p>La enorme cantidad de gente reunida hizo esta jornada mucho m\u00e1s especial a\u00fan.<\/p>\n","protected":false},"excerpt":{"rendered":"<p>Ayer domingo 4 de agosto Plaza San Mart\u00edn se visti\u00f3 de alegr\u00eda y color para festejar el [&hellip;]<\/p>\n","protected":false},"author":3,"featured_media":11137,"comment_status":"closed","ping_status":"closed","sticky":false,"template":"","format":"standard","meta":{"_jetpack_memberships_contains_paid_content":false,"footnotes":"","jetpack_publicize_message":"","jetpack_publicize_feature_enabled":true,"jetpack_social_post_already_shared":false,"jetpack_social_options":{"image_generator_settings":{"template":"highway","enabled":false}}},"categories":[16],"tags":[],"jetpack_publicize_connections":[],"jetpack_sharing_enabled":true,"jetpack_featured_media_url":"http:\/\/enteculturalsantafesino.com.ar\/usina1\/wp-content\/uploads\/2013\/08\/150x112-images-stories-dscn5132.jpg","_links":{"self":[{"href":"http:\/\/enteculturalsantafesino.com.ar\/usina1\/wp-json\/wp\/v2\/posts\/11136"}],"collection":[{"href":"http:\/\/enteculturalsantafesino.com.ar\/usina1\/wp-json\/wp\/v2\/posts"}],"about":[{"href":"http:\/\/enteculturalsantafesino.com.ar\/usina1\/wp-json\/wp\/v2\/types\/post"}],"author":[{"embeddable":true,"href":"http:\/\/enteculturalsantafesino.com.ar\/usina1\/wp-json\/wp\/v2\/users\/3"}],"replies":[{"embeddable":true,"href":"http:\/\/enteculturalsantafesino.com.ar\/usina1\/wp-json\/wp\/v2\/comments?post=11136"}],"version-history":[{"count":0,"href":"http:\/\/enteculturalsantafesino.com.ar\/usina1\/wp-json\/wp\/v2\/posts\/11136\/revisions"}],"wp:featuredmedia":[{"embeddable":true,"href":"http:\/\/enteculturalsantafesino.com.ar\/usina1\/wp-json\/wp\/v2\/media\/11137"}],"wp:attachment":[{"href":"http:\/\/enteculturalsantafesino.com.ar\/usina1\/wp-json\/wp\/v2\/media?parent=11136"}],"wp:term":[{"taxonomy":"category","embeddable":true,"href":"http:\/\/enteculturalsantafesino.com.ar\/usina1\/wp-json\/wp\/v2\/categories?post=11136"},{"taxonomy":"post_tag","embeddable":true,"href":"http:\/\/enteculturalsantafesino.com.ar\/usina1\/wp-json\/wp\/v2\/tags?post=11136"}],"curies":[{"name":"wp","href":"https:\/\/api.w.org\/{rel}","templated":true}]}}