{"id":11140,"date":"2013-08-07T12:59:15","date_gmt":"2013-08-07T12:59:15","guid":{"rendered":"http:\/\/entecultura.com.ar\/usina1\/?p=11140"},"modified":"2013-08-07T12:59:15","modified_gmt":"2013-08-07T12:59:15","slug":"valmo-record-cierra-su-gira-en-canada-de-gomez","status":"publish","type":"post","link":"http:\/\/enteculturalsantafesino.com.ar\/usina1\/2013\/08\/valmo-record-cierra-su-gira-en-canada-de-gomez\/","title":{"rendered":"\u00abValmo Record\u00bb cierra su gira en Ca\u00f1ada de G\u00f3mez"},"content":{"rendered":"<p>El viernes 9 de agosto, a las 21 horas, llega \u00a0ala Casa del Bicentenario,<a href=\"http:\/\/enteculturalsantafesino.com.ar\/usina1\/wp-content\/uploads\/2013\/08\/1149034_335254816609632_1302863418_n.jpg\" rel=\"lightbox[11140]\"><img loading=\"lazy\" decoding=\"async\" class=\"alignright size-medium wp-image-11142\" alt=\"1149034_335254816609632_1302863418_n\" src=\"http:\/\/enteculturalsantafesino.com.ar\/usina1\/wp-content\/uploads\/2013\/08\/1149034_335254816609632_1302863418_n-204x300.jpg\" width=\"204\" height=\"300\" srcset=\"http:\/\/enteculturalsantafesino.com.ar\/usina1\/wp-content\/uploads\/2013\/08\/1149034_335254816609632_1302863418_n-204x300.jpg 204w, http:\/\/enteculturalsantafesino.com.ar\/usina1\/wp-content\/uploads\/2013\/08\/1149034_335254816609632_1302863418_n.jpg 480w\" sizes=\"(max-width: 204px) 100vw, 204px\" \/><\/a><\/p>\n<p>el grupo venezolano <strong>ValmoRecord<\/strong>, quien desplegar\u00e1 un recital a puro Merengue-Mambo en su gira por la Rep\u00fablica Argentina a trav\u00e9s del Programa perteneciente al <strong>Ente Cultural \u00abCompartiendo Cultura\u00bb.<\/strong><\/p>\n<p>El grupo comenz\u00f3 en la m\u00fasica en 2008 influenciado por artistas nacionales e internacionales quienes los inspiraron a escribir sus propios temas reflejando experiencias vividas.<\/p>\n<p>ValmoRecord est\u00e1 integrado por Big Ma\u00f1e, Toty, Mr. Kill y Dr. Jackson, cuatro amigos de la infancia de Caja Seca, Estado de Zulia, Venezuela.<\/p>\n<p>Presentar\u00e1n temas de su material discogr\u00e1fico en el que abordan g\u00e9neros como el hip hop, R&amp;B, techno y merengue-mambo con letras de la realidad venezolana.<\/p>\n<p>El viernes 9 de agosto, a las 21 horas, disfrute del recital de ValmoRecord, en Casa del Bicentenario.<\/p>\n<p>Entrada libre y gratuita.<\/p>\n<p>Organiza: Municipalidad de Ca\u00f1ada de G\u00f3me<\/p>\n","protected":false},"excerpt":{"rendered":"<p>El viernes 9 de agosto, a las 21 horas, llega \u00a0ala Casa del Bicentenario, el grupo venezolano [&hellip;]<\/p>\n","protected":false},"author":3,"featured_media":11142,"comment_status":"closed","ping_status":"closed","sticky":false,"template":"","format":"standard","meta":{"_jetpack_memberships_contains_paid_content":false,"footnotes":"","jetpack_publicize_message":"","jetpack_publicize_feature_enabled":true,"jetpack_social_post_already_shared":false,"jetpack_social_options":{"image_generator_settings":{"template":"highway","enabled":false}}},"categories":[11],"tags":[36,35],"jetpack_publicize_connections":[],"jetpack_sharing_enabled":true,"jetpack_featured_media_url":"http:\/\/enteculturalsantafesino.com.ar\/usina1\/wp-content\/uploads\/2013\/08\/1149034_335254816609632_1302863418_n.jpg","_links":{"self":[{"href":"http:\/\/enteculturalsantafesino.com.ar\/usina1\/wp-json\/wp\/v2\/posts\/11140"}],"collection":[{"href":"http:\/\/enteculturalsantafesino.com.ar\/usina1\/wp-json\/wp\/v2\/posts"}],"about":[{"href":"http:\/\/enteculturalsantafesino.com.ar\/usina1\/wp-json\/wp\/v2\/types\/post"}],"author":[{"embeddable":true,"href":"http:\/\/enteculturalsantafesino.com.ar\/usina1\/wp-json\/wp\/v2\/users\/3"}],"replies":[{"embeddable":true,"href":"http:\/\/enteculturalsantafesino.com.ar\/usina1\/wp-json\/wp\/v2\/comments?post=11140"}],"version-history":[{"count":0,"href":"http:\/\/enteculturalsantafesino.com.ar\/usina1\/wp-json\/wp\/v2\/posts\/11140\/revisions"}],"wp:featuredmedia":[{"embeddable":true,"href":"http:\/\/enteculturalsantafesino.com.ar\/usina1\/wp-json\/wp\/v2\/media\/11142"}],"wp:attachment":[{"href":"http:\/\/enteculturalsantafesino.com.ar\/usina1\/wp-json\/wp\/v2\/media?parent=11140"}],"wp:term":[{"taxonomy":"category","embeddable":true,"href":"http:\/\/enteculturalsantafesino.com.ar\/usina1\/wp-json\/wp\/v2\/categories?post=11140"},{"taxonomy":"post_tag","embeddable":true,"href":"http:\/\/enteculturalsantafesino.com.ar\/usina1\/wp-json\/wp\/v2\/tags?post=11140"}],"curies":[{"name":"wp","href":"https:\/\/api.w.org\/{rel}","templated":true}]}}