{"id":11144,"date":"2013-08-07T13:03:09","date_gmt":"2013-08-07T13:03:09","guid":{"rendered":"http:\/\/entecultura.com.ar\/usina1\/?p=11144"},"modified":"2013-08-07T13:03:09","modified_gmt":"2013-08-07T13:03:09","slug":"san-jorge-se-viene-el-festival-el-acordeon","status":"publish","type":"post","link":"http:\/\/enteculturalsantafesino.com.ar\/usina1\/2013\/08\/san-jorge-se-viene-el-festival-el-acordeon\/","title":{"rendered":"San Jorge: Se viene el Festival el Acorde\u00f3n"},"content":{"rendered":"<p>La Asociaci\u00f3n Marchigiana y la Municipalidad de San Jorge comunican<a href=\"http:\/\/enteculturalsantafesino.com.ar\/usina1\/wp-content\/uploads\/2013\/08\/150x209-images-stories-festival-2013-afiche-ok.jpg\" rel=\"lightbox[11144]\"><img loading=\"lazy\" decoding=\"async\" class=\"alignright size-full wp-image-11145\" alt=\"150x209-images-stories-festival-2013-afiche-ok\" src=\"http:\/\/enteculturalsantafesino.com.ar\/usina1\/wp-content\/uploads\/2013\/08\/150x209-images-stories-festival-2013-afiche-ok.jpg\" width=\"150\" height=\"209\" \/><\/a><\/p>\n<p>que el pr\u00f3ximo 16 de agosto de 2013, a partir de las 19:00 horas, se realizar\u00e1 el 12\u00ba Festival Nacional y Sudamericano de Acorde\u00f3n y 10\u00ba Competitivo categor\u00eda solista. Podr\u00e1n participar acordeonistas Argentinos y de Pa\u00edses Sudamericanos, que a la fecha del evento, tengan 18 a\u00f1os de edad en adelante. El instrumento a utilizar ser\u00e1 libre de cualquier tipo y marca, siempre en el rubro acorde\u00f3n, a piano o a botones; no permiti\u00e9ndose el uso de instrumento amplificado.<\/p>\n<p>El premio al ganador consistir\u00e1 en un pasaje de ida y vuelta a Italia para participar en la 38\u00ba edici\u00f3n del Concurso Internacional \u201cCitt\u00e1 di Castelfidardo\u201d a realizarse en esa ciudad Provincia de Ancona (Italia) desde el 20 al 22 de setiembre de 2013.<\/p>\n<p>Es dable destacar que la realizaci\u00f3n de dicho evento es posible gracias al invalorable accionar de La Asociaci\u00f3n Marchigiana, La Municipalidad de San Jorge, el Ministerio de la Producci\u00f3n de la Provincia de Santa Fe, la Subsecretar\u00eda de Planificaci\u00f3n y Estrategia, el Ministerio de Innovaci\u00f3n y Cultura Provincial, la Secretar\u00eda de Deportes y Turismo de la Provincia de Santa Fe, la Senadora por el Departamento San Mart\u00edn, Sra. Cristina Berra, Loter\u00eda de Santa Fe, y colaboradores.<\/p>\n<p>El plazo de inscripci\u00f3n vence el martes 30 de julio del corriente.<\/p>\n<p>CONTACTO: 03406 440332 &#8211; 03406-15456912 email: bertotto.a@gmail.com, direcci\u00f3n postal: Avda. Pellegrini 1699 \u2013 C.P. 2452 &#8211; San Jorge &#8211; Santa Fe &#8211; Argentina<\/p>\n","protected":false},"excerpt":{"rendered":"<p>La Asociaci\u00f3n Marchigiana y la Municipalidad de San Jorge comunican que el pr\u00f3ximo 16 de agosto de [&hellip;]<\/p>\n","protected":false},"author":3,"featured_media":11145,"comment_status":"closed","ping_status":"closed","sticky":false,"template":"","format":"standard","meta":{"_jetpack_memberships_contains_paid_content":false,"footnotes":"","jetpack_publicize_message":"","jetpack_publicize_feature_enabled":true,"jetpack_social_post_already_shared":false,"jetpack_social_options":{"image_generator_settings":{"template":"highway","enabled":false}}},"categories":[16],"tags":[],"jetpack_publicize_connections":[],"jetpack_sharing_enabled":true,"jetpack_featured_media_url":"http:\/\/enteculturalsantafesino.com.ar\/usina1\/wp-content\/uploads\/2013\/08\/150x209-images-stories-festival-2013-afiche-ok.jpg","_links":{"self":[{"href":"http:\/\/enteculturalsantafesino.com.ar\/usina1\/wp-json\/wp\/v2\/posts\/11144"}],"collection":[{"href":"http:\/\/enteculturalsantafesino.com.ar\/usina1\/wp-json\/wp\/v2\/posts"}],"about":[{"href":"http:\/\/enteculturalsantafesino.com.ar\/usina1\/wp-json\/wp\/v2\/types\/post"}],"author":[{"embeddable":true,"href":"http:\/\/enteculturalsantafesino.com.ar\/usina1\/wp-json\/wp\/v2\/users\/3"}],"replies":[{"embeddable":true,"href":"http:\/\/enteculturalsantafesino.com.ar\/usina1\/wp-json\/wp\/v2\/comments?post=11144"}],"version-history":[{"count":0,"href":"http:\/\/enteculturalsantafesino.com.ar\/usina1\/wp-json\/wp\/v2\/posts\/11144\/revisions"}],"wp:featuredmedia":[{"embeddable":true,"href":"http:\/\/enteculturalsantafesino.com.ar\/usina1\/wp-json\/wp\/v2\/media\/11145"}],"wp:attachment":[{"href":"http:\/\/enteculturalsantafesino.com.ar\/usina1\/wp-json\/wp\/v2\/media?parent=11144"}],"wp:term":[{"taxonomy":"category","embeddable":true,"href":"http:\/\/enteculturalsantafesino.com.ar\/usina1\/wp-json\/wp\/v2\/categories?post=11144"},{"taxonomy":"post_tag","embeddable":true,"href":"http:\/\/enteculturalsantafesino.com.ar\/usina1\/wp-json\/wp\/v2\/tags?post=11144"}],"curies":[{"name":"wp","href":"https:\/\/api.w.org\/{rel}","templated":true}]}}