{"id":11153,"date":"2013-08-07T21:33:01","date_gmt":"2013-08-07T21:33:01","guid":{"rendered":"http:\/\/entecultura.com.ar\/usina1\/?p=11153"},"modified":"2013-08-09T12:00:52","modified_gmt":"2013-08-09T12:00:52","slug":"el-trebol-primera-audicion-de-la-escuela-municipal-de-musica-2013","status":"publish","type":"post","link":"http:\/\/enteculturalsantafesino.com.ar\/usina1\/2013\/08\/el-trebol-primera-audicion-de-la-escuela-municipal-de-musica-2013\/","title":{"rendered":"El Tr\u00e9bol: Primera Audici\u00f3n de la Escuela Municipal de M\u00fasica 2013."},"content":{"rendered":"<p>El viernes por la noche el Auditorio del Centro Cultural Cervantes se llen\u00f3 arte y alegr\u00eda.<a href=\"http:\/\/enteculturalsantafesino.com.ar\/usina1\/wp-content\/uploads\/2013\/08\/601380_565314843528425_1208650510_n.jpg\" rel=\"lightbox[11153]\"><img loading=\"lazy\" decoding=\"async\" class=\"alignright size-medium wp-image-11154\" alt=\"601380_565314843528425_1208650510_n\" src=\"http:\/\/enteculturalsantafesino.com.ar\/usina1\/wp-content\/uploads\/2013\/08\/601380_565314843528425_1208650510_n-300x225.jpg\" width=\"300\" height=\"225\" srcset=\"http:\/\/enteculturalsantafesino.com.ar\/usina1\/wp-content\/uploads\/2013\/08\/601380_565314843528425_1208650510_n-300x225.jpg 300w, http:\/\/enteculturalsantafesino.com.ar\/usina1\/wp-content\/uploads\/2013\/08\/601380_565314843528425_1208650510_n.jpg 320w\" sizes=\"(max-width: 300px) 100vw, 300px\" \/><\/a><\/p>\n<p>La Escuela de M\u00fasica municipal se present\u00f3 en escena para mostrar todo su despliegue mel\u00f3dico.<\/p>\n<p>A sala llena cada uno de los alumnos, de Mat\u00edas Taborda, Heriberto Valtorta, Bruno Orgaz y Claudia Castan\u00f3 fueron interpretando diferentes temas en guitarras, piano y flautas.<\/p>\n<p>La profesora Alejandra Vismara dio las palabras de bienvenida y posteriormente sigui\u00f3 con la conducci\u00f3n Sof\u00eda Cejas.<\/p>\n<p>Cronograma<\/p>\n<p>Piano a cuatro manos<\/p>\n<p>Interpretaron Ines Maurino, Camila Delmastro, Rocio Aichino, Emanuel Zaurin y Jenifer Acosta, junto con el Prof. Valtorta.<a href=\"http:\/\/enteculturalsantafesino.com.ar\/usina1\/wp-content\/uploads\/2013\/08\/1002592_565316023528307_775238160_n.jpg\" rel=\"lightbox[11153]\"><img loading=\"lazy\" decoding=\"async\" class=\"alignright size-full wp-image-11155\" alt=\"1002592_565316023528307_775238160_n\" src=\"http:\/\/enteculturalsantafesino.com.ar\/usina1\/wp-content\/uploads\/2013\/08\/1002592_565316023528307_775238160_n.jpg\" width=\"173\" height=\"130\" \/><\/a><\/p>\n<p>Flauta Traversa<\/p>\n<p>Actuaron Bianca Minardi y luego Malena Peiretti acompa\u00f1ada por su mama.<\/p>\n<p>Guitarra Prof Mat\u00edas Taborda<\/p>\n<p>Comenzaron Paulina Bruno, Agustina Ferreyra y Agostina Muya, quienes interpretaron Reina de la Batata<br \/>\nAlfredo Trucchia, Marco Tessore y Nicol\u00e1s Bruno tocaron Llegando llegando.<br \/>\nMientras que Andr\u00e9s Boasso, Nicol\u00e1s Ferreira hicieron Canto Nochero y Puente carretero.<\/p>\n<p>Piano Prof. Bruno Orgaz<a href=\"http:\/\/enteculturalsantafesino.com.ar\/usina1\/wp-content\/uploads\/2013\/08\/945805_565314863528423_445819270_n.jpg\" rel=\"lightbox[11153]\"><img loading=\"lazy\" decoding=\"async\" class=\"alignright size-medium wp-image-11156\" alt=\"945805_565314863528423_445819270_n\" src=\"http:\/\/enteculturalsantafesino.com.ar\/usina1\/wp-content\/uploads\/2013\/08\/945805_565314863528423_445819270_n-300x225.jpg\" width=\"300\" height=\"225\" srcset=\"http:\/\/enteculturalsantafesino.com.ar\/usina1\/wp-content\/uploads\/2013\/08\/945805_565314863528423_445819270_n-300x225.jpg 300w, http:\/\/enteculturalsantafesino.com.ar\/usina1\/wp-content\/uploads\/2013\/08\/945805_565314863528423_445819270_n.jpg 320w\" sizes=\"(max-width: 300px) 100vw, 300px\" \/><\/a><\/p>\n<p>Se presentaron en escena Emiliano Boasso, Ana Clara Rosas y Gisela Becerra.<\/p>\n<p>En el cierre Bruno interpret\u00f3 una milonga que desat\u00f3 el aplauso un\u00e1nime del Auditorio.<\/p>\n<p>&nbsp;<\/p>\n<p>&nbsp;<\/p>\n","protected":false},"excerpt":{"rendered":"<p>El viernes por la noche el Auditorio del Centro Cultural Cervantes se llen\u00f3 arte y alegr\u00eda. La [&hellip;]<\/p>\n","protected":false},"author":3,"featured_media":11157,"comment_status":"closed","ping_status":"closed","sticky":false,"template":"","format":"standard","meta":{"_jetpack_memberships_contains_paid_content":false,"footnotes":"","jetpack_publicize_message":"","jetpack_publicize_feature_enabled":true,"jetpack_social_post_already_shared":false,"jetpack_social_options":{"image_generator_settings":{"template":"highway","enabled":false}}},"categories":[18],"tags":[],"jetpack_publicize_connections":[],"jetpack_sharing_enabled":true,"jetpack_featured_media_url":"http:\/\/enteculturalsantafesino.com.ar\/usina1\/wp-content\/uploads\/2013\/08\/946329_565316016861641_1841855987_n.jpg","_links":{"self":[{"href":"http:\/\/enteculturalsantafesino.com.ar\/usina1\/wp-json\/wp\/v2\/posts\/11153"}],"collection":[{"href":"http:\/\/enteculturalsantafesino.com.ar\/usina1\/wp-json\/wp\/v2\/posts"}],"about":[{"href":"http:\/\/enteculturalsantafesino.com.ar\/usina1\/wp-json\/wp\/v2\/types\/post"}],"author":[{"embeddable":true,"href":"http:\/\/enteculturalsantafesino.com.ar\/usina1\/wp-json\/wp\/v2\/users\/3"}],"replies":[{"embeddable":true,"href":"http:\/\/enteculturalsantafesino.com.ar\/usina1\/wp-json\/wp\/v2\/comments?post=11153"}],"version-history":[{"count":0,"href":"http:\/\/enteculturalsantafesino.com.ar\/usina1\/wp-json\/wp\/v2\/posts\/11153\/revisions"}],"wp:featuredmedia":[{"embeddable":true,"href":"http:\/\/enteculturalsantafesino.com.ar\/usina1\/wp-json\/wp\/v2\/media\/11157"}],"wp:attachment":[{"href":"http:\/\/enteculturalsantafesino.com.ar\/usina1\/wp-json\/wp\/v2\/media?parent=11153"}],"wp:term":[{"taxonomy":"category","embeddable":true,"href":"http:\/\/enteculturalsantafesino.com.ar\/usina1\/wp-json\/wp\/v2\/categories?post=11153"},{"taxonomy":"post_tag","embeddable":true,"href":"http:\/\/enteculturalsantafesino.com.ar\/usina1\/wp-json\/wp\/v2\/tags?post=11153"}],"curies":[{"name":"wp","href":"https:\/\/api.w.org\/{rel}","templated":true}]}}