{"id":11160,"date":"2013-08-08T19:16:13","date_gmt":"2013-08-08T19:16:13","guid":{"rendered":"http:\/\/entecultura.com.ar\/usina1\/?p=11160"},"modified":"2013-08-08T19:16:13","modified_gmt":"2013-08-08T19:16:13","slug":"montes-de-oca-inauguracion-del-parque-profe-tere","status":"publish","type":"post","link":"http:\/\/enteculturalsantafesino.com.ar\/usina1\/2013\/08\/montes-de-oca-inauguracion-del-parque-profe-tere\/","title":{"rendered":"Montes de Oca: Inauguraci\u00f3n del Parque \u00abProfe Tere\u00bb"},"content":{"rendered":"<p>El 20 de julio, se inaugur\u00f3 una obra muy esperada para todos los vecinos del barrio\u201dSan Cayetano\u201d.<a href=\"http:\/\/enteculturalsantafesino.com.ar\/usina1\/wp-content\/uploads\/2013\/08\/601747_621384214562537_296835319_n.jpg\" rel=\"lightbox[11160]\"><img loading=\"lazy\" decoding=\"async\" class=\"alignright size-medium wp-image-11161\" alt=\"601747_621384214562537_296835319_n\" src=\"http:\/\/enteculturalsantafesino.com.ar\/usina1\/wp-content\/uploads\/2013\/08\/601747_621384214562537_296835319_n-300x225.jpg\" width=\"300\" height=\"225\" srcset=\"http:\/\/enteculturalsantafesino.com.ar\/usina1\/wp-content\/uploads\/2013\/08\/601747_621384214562537_296835319_n-300x225.jpg 300w, http:\/\/enteculturalsantafesino.com.ar\/usina1\/wp-content\/uploads\/2013\/08\/601747_621384214562537_296835319_n.jpg 960w\" sizes=\"(max-width: 300px) 100vw, 300px\" \/><\/a><br \/>\nEl parque ubicado en el barrio Paja Brava, lleva el nombre de la Sra. Teresita Marucco de Pieve, en homenaje a una persona que lucho por la cultura y educaci\u00f3n de todos los monteoquinos.<br \/>\nEl Doctor Leandro Diestchi, hizo entrega de un recuerdo a su familiares, donde estuvo presente el recuerdo, el trabajo incansable de una luchadora que no se rend\u00eda ante cualquier obst\u00e1culo.<br \/>\nTodos los ni\u00f1os de nuestro pueblo podr\u00e1n disfrutar de un espacio verde, donde hay hamacas, trepadores, una cancha de b\u00e1squet y una de futbol, y los adultos podr\u00e1n tomar unos ricos mates disfrutando de las mesitas y sillas que se realizaron en el parque.<br \/>\nLuego del peque\u00f1o acto emotivo, el presidente comunal comparti\u00f3 con todos los presentes un rico caf\u00e9 con facturas.<br \/>\nLo que le queda a los ni\u00f1os es cuidarlo y disfrutarlo mucho.<\/p>\n<p>&nbsp;<\/p>\n","protected":false},"excerpt":{"rendered":"<p>El 20 de julio, se inaugur\u00f3 una obra muy esperada para todos los vecinos del barrio\u201dSan Cayetano\u201d. [&hellip;]<\/p>\n","protected":false},"author":3,"featured_media":11163,"comment_status":"closed","ping_status":"closed","sticky":false,"template":"","format":"standard","meta":{"_jetpack_memberships_contains_paid_content":false,"footnotes":"","jetpack_publicize_message":"","jetpack_publicize_feature_enabled":true,"jetpack_social_post_already_shared":false,"jetpack_social_options":{"image_generator_settings":{"template":"highway","enabled":false}}},"categories":[5],"tags":[],"jetpack_publicize_connections":[],"jetpack_sharing_enabled":true,"jetpack_featured_media_url":"http:\/\/enteculturalsantafesino.com.ar\/usina1\/wp-content\/uploads\/2013\/08\/13258_621385311229094_412982102_n1.jpg","_links":{"self":[{"href":"http:\/\/enteculturalsantafesino.com.ar\/usina1\/wp-json\/wp\/v2\/posts\/11160"}],"collection":[{"href":"http:\/\/enteculturalsantafesino.com.ar\/usina1\/wp-json\/wp\/v2\/posts"}],"about":[{"href":"http:\/\/enteculturalsantafesino.com.ar\/usina1\/wp-json\/wp\/v2\/types\/post"}],"author":[{"embeddable":true,"href":"http:\/\/enteculturalsantafesino.com.ar\/usina1\/wp-json\/wp\/v2\/users\/3"}],"replies":[{"embeddable":true,"href":"http:\/\/enteculturalsantafesino.com.ar\/usina1\/wp-json\/wp\/v2\/comments?post=11160"}],"version-history":[{"count":0,"href":"http:\/\/enteculturalsantafesino.com.ar\/usina1\/wp-json\/wp\/v2\/posts\/11160\/revisions"}],"wp:featuredmedia":[{"embeddable":true,"href":"http:\/\/enteculturalsantafesino.com.ar\/usina1\/wp-json\/wp\/v2\/media\/11163"}],"wp:attachment":[{"href":"http:\/\/enteculturalsantafesino.com.ar\/usina1\/wp-json\/wp\/v2\/media?parent=11160"}],"wp:term":[{"taxonomy":"category","embeddable":true,"href":"http:\/\/enteculturalsantafesino.com.ar\/usina1\/wp-json\/wp\/v2\/categories?post=11160"},{"taxonomy":"post_tag","embeddable":true,"href":"http:\/\/enteculturalsantafesino.com.ar\/usina1\/wp-json\/wp\/v2\/tags?post=11160"}],"curies":[{"name":"wp","href":"https:\/\/api.w.org\/{rel}","templated":true}]}}