{"id":11166,"date":"2013-08-09T11:56:40","date_gmt":"2013-08-09T11:56:40","guid":{"rendered":"http:\/\/entecultura.com.ar\/usina1\/?p=11166"},"modified":"2013-08-09T11:56:40","modified_gmt":"2013-08-09T11:56:40","slug":"la-fuerza-popular-se-expone-en-el-museo-historico-de-carlos-pellegrini","status":"publish","type":"post","link":"http:\/\/enteculturalsantafesino.com.ar\/usina1\/2013\/08\/la-fuerza-popular-se-expone-en-el-museo-historico-de-carlos-pellegrini\/","title":{"rendered":"\u00abLa Fuerza Popular\u00bb se expone en el Museo Hist\u00f3rico de Carlos Pellegrini"},"content":{"rendered":"<p>Con fotograf\u00edas que ilustran momentos emblem\u00e1ticos que ocurrieron<a href=\"http:\/\/enteculturalsantafesino.com.ar\/usina1\/wp-content\/uploads\/2013\/08\/phpThumb_generated_thumbnail4.jpeg\" rel=\"lightbox[11166]\"><img loading=\"lazy\" decoding=\"async\" class=\"alignright size-full wp-image-11167\" alt=\"phpThumb_generated_thumbnail\" src=\"http:\/\/enteculturalsantafesino.com.ar\/usina1\/wp-content\/uploads\/2013\/08\/phpThumb_generated_thumbnail4.jpeg\" width=\"200\" height=\"150\" \/><\/a><\/p>\n<p>en los \u00faltimos a\u00f1os en nuestra regi\u00f3n, se presenta en el Museo Hist\u00f3rico de Carlos Pellegrini \u00abLa Fuerza Popular\u00bb, del periodista Luis Blanco.<\/p>\n<p>La coordinadora del lugar, la docente Liliana Rudy de Lorenzatti, cont\u00f3 que la muestra fue inaugurada por la Secretaria de Educaci\u00f3n y Cultura Comunal, Catalina Serdarevich, y se va a disponer durante unos cuantos d\u00edas para que la gente pueda disfrutarla.<\/p>\n<p>Se trata de im\u00e1genes de momentos conflictivos, duros, de lucha, de resistencia\u2026 como se vivieron en la regi\u00f3n, por ejemplo, el conflicto por el convenio laboral y paro en la f\u00e1brica ARCOLEM de Sastre, la toma de la f\u00e1brica LUCIANO HERMANOS de San Jorge tras su cierre y sospechas de vaciamiento, la pelea del campo ante la RESOLUCI\u00d3N 125, la crisis del 2002 y el CORRALITO, y la conformaci\u00f3n de la Cooperativa tras la quiebra de la empresa de jab\u00f3n SAGYD S. A. en Ca\u00f1ada Rosqu\u00edn.<\/p>\n<p>Se invita a visitar la muestra los d\u00edas los d\u00edas Jueves 8, S\u00e1bado 10 y Domingo 11, y la pr\u00f3xima semana, el Martes 13, Jueves 15, S\u00e1bado 17 y Domingo 18 de agosto, de 16 a 18 horas.<\/p>\n","protected":false},"excerpt":{"rendered":"<p>Con fotograf\u00edas que ilustran momentos emblem\u00e1ticos que ocurrieron en los \u00faltimos a\u00f1os en nuestra regi\u00f3n, se presenta [&hellip;]<\/p>\n","protected":false},"author":3,"featured_media":11167,"comment_status":"closed","ping_status":"closed","sticky":false,"template":"","format":"standard","meta":{"_jetpack_memberships_contains_paid_content":false,"footnotes":"","jetpack_publicize_message":"","jetpack_publicize_feature_enabled":true,"jetpack_social_post_already_shared":false,"jetpack_social_options":{"image_generator_settings":{"template":"highway","enabled":false}}},"categories":[23],"tags":[],"jetpack_publicize_connections":[],"jetpack_sharing_enabled":true,"jetpack_featured_media_url":"http:\/\/enteculturalsantafesino.com.ar\/usina1\/wp-content\/uploads\/2013\/08\/phpThumb_generated_thumbnail4.jpeg","_links":{"self":[{"href":"http:\/\/enteculturalsantafesino.com.ar\/usina1\/wp-json\/wp\/v2\/posts\/11166"}],"collection":[{"href":"http:\/\/enteculturalsantafesino.com.ar\/usina1\/wp-json\/wp\/v2\/posts"}],"about":[{"href":"http:\/\/enteculturalsantafesino.com.ar\/usina1\/wp-json\/wp\/v2\/types\/post"}],"author":[{"embeddable":true,"href":"http:\/\/enteculturalsantafesino.com.ar\/usina1\/wp-json\/wp\/v2\/users\/3"}],"replies":[{"embeddable":true,"href":"http:\/\/enteculturalsantafesino.com.ar\/usina1\/wp-json\/wp\/v2\/comments?post=11166"}],"version-history":[{"count":0,"href":"http:\/\/enteculturalsantafesino.com.ar\/usina1\/wp-json\/wp\/v2\/posts\/11166\/revisions"}],"wp:featuredmedia":[{"embeddable":true,"href":"http:\/\/enteculturalsantafesino.com.ar\/usina1\/wp-json\/wp\/v2\/media\/11167"}],"wp:attachment":[{"href":"http:\/\/enteculturalsantafesino.com.ar\/usina1\/wp-json\/wp\/v2\/media?parent=11166"}],"wp:term":[{"taxonomy":"category","embeddable":true,"href":"http:\/\/enteculturalsantafesino.com.ar\/usina1\/wp-json\/wp\/v2\/categories?post=11166"},{"taxonomy":"post_tag","embeddable":true,"href":"http:\/\/enteculturalsantafesino.com.ar\/usina1\/wp-json\/wp\/v2\/tags?post=11166"}],"curies":[{"name":"wp","href":"https:\/\/api.w.org\/{rel}","templated":true}]}}