{"id":11175,"date":"2013-08-10T16:59:51","date_gmt":"2013-08-10T16:59:51","guid":{"rendered":"http:\/\/entecultura.com.ar\/usina1\/?p=11175"},"modified":"2013-08-10T16:59:51","modified_gmt":"2013-08-10T16:59:51","slug":"a-los-90-anos-fallecio-el-maestro-eduardo-falu","status":"publish","type":"post","link":"http:\/\/enteculturalsantafesino.com.ar\/usina1\/2013\/08\/a-los-90-anos-fallecio-el-maestro-eduardo-falu\/","title":{"rendered":"A los 90 a\u00f1os falleci\u00f3 el Maestro Eduardo Fal\u00fa"},"content":{"rendered":"<p>Figura esencial de la m\u00fasica argentina, se hab\u00eda retirado<a href=\"http:\/\/enteculturalsantafesino.com.ar\/usina1\/wp-content\/uploads\/2013\/08\/images.jpg\" rel=\"lightbox[11175]\"><img loading=\"lazy\" decoding=\"async\" class=\"alignright size-full wp-image-11176\" alt=\"images\" src=\"http:\/\/enteculturalsantafesino.com.ar\/usina1\/wp-content\/uploads\/2013\/08\/images.jpg\" width=\"299\" height=\"168\" \/><\/a><\/p>\n<p>de los escenarios hace varios a\u00f1os y resid\u00eda en C\u00f3rdoba<\/p>\n<p>El compositor y guitarrista Eduardo Fal\u00fa, figura esencial de la m\u00fasica argentina, enlace entre la m\u00fasica plebeya y la academia, falleci\u00f3 ayer en C\u00f3rdoba, a los 90 a\u00f1os. No se dio a conocer la dolencia que no pudo sobrellevar.<\/p>\n<p>Su voz grave, expresiva; su singular estilo con la guitarra, su enorme talento como compositor que lo llev\u00f3 a conformar con Jaime D\u00e1valos una fruct\u00edfera sociedad art\u00edstica, hicieron de Fal\u00fa un nombre indispensable para la m\u00fasica de ra\u00edz folcl\u00f3rica.<\/p>\n<p>\u00abLa tonada del viejo amor\u00bb, \u00abZamba de la Candelaria\u00bb, \u00abTrago de sombra\u00bb, \u00abCanci\u00f3n del jangadero\u00bb, \u00abRomance de la Muerte de Juan Lavalle\u00bb, \u00abChoro del caminante\u00bb y \u00abCamino a Sucre\u00bb son algunas de sus obras emblem\u00e1ticas.<\/p>\n<p>Eduardo Yamil Fal\u00fa naci\u00f3 el 7 de julio de 1923 en El Galp\u00f3n, un peque\u00f1o pueblo de Salta situado a unos 150 kil\u00f3metros de la capital de la provincia. Sus padres eran de origen sirio, Juan Fal\u00fa y Fada Fal\u00fa, ambos con el mismo apellido pero sin parentesco entre s\u00ed.<\/p>\n<p>Fue criado en Met\u00e1n y formado en la capital salte\u00f1a. En 1945 se radic\u00f3 en Buenos Aires. Guitarrista de trascendencia internacional, tuvo la pericia, adem\u00e1s, de capitalizar el trabajo en colaboraci\u00f3n.<\/p>\n<p>Trabaj\u00f3 con Jaime D\u00e1valos (\u00abTonada del viejo amor\u00bb, \u00abTrago de sombra\u00bb, \u00abMilonga del alucinado\u00bb y \u00abZamba de la Candelaria\u00bb), Manuel Castilla (\u00abCelos del viento\u00bb y \u00abPuna sola\u00bb), Ernesto S\u00e1bato (\u00abRomance de la muerte de Juan Lavalle\u00bb) y Jorge Luis Borges (\u00abJos\u00e9 Hern\u00e1ndez\u00bb), entre otras.<\/p>\n<p>Recopil\u00f3 e hizo famosa con su arreglo para guitarra, la zamba tradicional \u00abLa cuartelera\u00bb, nacida en el siglo XIX en los campos de batalla argentinos.\u00bbSiempre sostuve que la m\u00fasica es importante, pero si no estuviesen estos poetas magn\u00edficos que pintaban el paisaje con se\u00f1or\u00edo, hoy mi obra no ser\u00eda popular\u00bb, reconoc\u00eda el propio Fal\u00fa.<\/p>\n<p>Su m\u00fasica siempre result\u00f3 un enlace natural entre las formas y los aromas de la m\u00fasica de ra\u00edz folcl\u00f3rica con las exigencias de la academia, en cuyos \u00e1mbitos tambi\u00e9n fue reconocido.<\/p>\n<p>De hecho, adem\u00e1s de los escenarios de mundo que recorri\u00f3 con su repertorio popular, tambi\u00e9n compuso suites y realiz\u00f3 conciertos con la Orquesta Sinf\u00f3nica Nacional o formaciones de m\u00fasica de c\u00e1mara como la Camerata Bariloche.<\/p>\n<p>Se cas\u00f3 con A\u00edda Nefer Fid\u00e9libus y tuvo dos hijos: Eduardo y Juan Jos\u00e9, quien es, como su padre, guitarrista.<\/p>\n<p>\u00abMis obras tienden un puente entre lo popular y la m\u00fasica culta, a trav\u00e9s de la guitarra. Podr\u00eda decir que con la guitarra no solamente rasgueo, sino que le busco otros elementos\u00bb, reflexionaba el propio Fal\u00fa, a\u00f1os atr\u00e1s.<\/p>\n<p>Impulsor del folclore. Fue uno de los art\u00edfices, en las d\u00e9cadas de 1950 y 1960, de un reverdecimiento de la m\u00fasica folcl\u00f3rica, que entonces despert\u00f3 nuevos entusiasmos y cobr\u00f3 un auge excepcional.<\/p>\n<p>Sostuvo una carrera sobre la base del trabajo, sin estridencias ni pretensiones personales.<\/p>\n<p>En 2007, empresarios alemanes financiaron una pel\u00edcula sobre su vida y obra. Desde hace a\u00f1os se encontraba retirado de la vida profesional.<\/p>\n<p>Recibi\u00f3 los premios Konex de Platino y Gran Premio Sadaic, ambos en 1985; Condecoraci\u00f3n de Honor al M\u00e9rito del Per\u00fa y fue designado Ciudadano Ilustre de Salta, Rosario, Santa Fe y C\u00f3rdoba.<\/p>\n<p>En los \u00faltimos a\u00f1os los directores suizos Arno Oehri y Oliver Primus, filmaron la pel\u00edcula \u2018\u2018Canto al paisaje so\u00f1ado\u00bb, que relata la vida de don Eduardo, a trav\u00e9s de los paisajes de nuestra Salta.<\/p>\n<p>El \u00abChalchalero\u00bb Juan Carlos Saravia recordaba en julio pasado que \u2018\u2018Eduardo est\u00e1 cumpliendo 90 a\u00f1os y sigue con su mismo car\u00e1cter chacot\u00f3n, se mantiene muy bien. Fue el primer salte\u00f1o que lleg\u00f3 a Buenos Aires con su guitarra y se qued\u00f3\u00bb.<\/p>\n<p>\u2018\u2018Eran inolvidables aquellas pe\u00f1as en donde Jaime (D\u00e1valos) con Eduardo compusieron tantas hermosas canciones y su guitarra hizo escuela por su maravillosa m\u00fasica, que a veces quedaba eclipsada por la poes\u00eda. Junto a Ariel Ram\u00edrez son fundamentales para el folclore y tambi\u00e9n por la labor que ejercieron en Sadaic durante tantos a\u00f1os\u00bb, coment\u00f3 el m\u00fasico.<\/p>\n<p>El gobernador salte\u00f1o Juan Manuel Urtubey dispuso dos d\u00edas de duelo en la provincia.<\/p>\n<p>La mejor guitarra<\/p>\n<p>Fal\u00fa ten\u00eda una relaci\u00f3n entra\u00f1able con las guitarras. \u00abUna guitarra no tiene una vida muy longeva. A los 20 a\u00f1os comienzan a ceder las maderas. La que prefiero es La Fleta de Barcelona, con ese sonido tan humano, pastoso. La madera debe ser de gran nobleza, estacionada. Y claro, tambi\u00e9n est\u00e1 el arte del luthier\u00bb, asegur\u00f3.<\/p>\n<iframe class='youtube-player youtuber' type='text\/html' width='425' height='355' src='http:\/\/www.youtube.com\/embed\/Xx0Iv4SV_VE?rel=0&amp;fs=1' webkitAllowFullScreen mozallowfullscreen allowFullScreen frameborder='0'><\/iframe>\n","protected":false},"excerpt":{"rendered":"<p>Figura esencial de la m\u00fasica argentina, se hab\u00eda retirado de los escenarios hace varios a\u00f1os y resid\u00eda [&hellip;]<\/p>\n","protected":false},"author":3,"featured_media":11176,"comment_status":"closed","ping_status":"closed","sticky":false,"template":"","format":"standard","meta":{"_jetpack_memberships_contains_paid_content":false,"footnotes":"","jetpack_publicize_message":"","jetpack_publicize_feature_enabled":true,"jetpack_social_post_already_shared":false,"jetpack_social_options":{"image_generator_settings":{"template":"highway","enabled":false}}},"categories":[1],"tags":[],"jetpack_publicize_connections":[],"jetpack_sharing_enabled":true,"jetpack_featured_media_url":"http:\/\/enteculturalsantafesino.com.ar\/usina1\/wp-content\/uploads\/2013\/08\/images.jpg","_links":{"self":[{"href":"http:\/\/enteculturalsantafesino.com.ar\/usina1\/wp-json\/wp\/v2\/posts\/11175"}],"collection":[{"href":"http:\/\/enteculturalsantafesino.com.ar\/usina1\/wp-json\/wp\/v2\/posts"}],"about":[{"href":"http:\/\/enteculturalsantafesino.com.ar\/usina1\/wp-json\/wp\/v2\/types\/post"}],"author":[{"embeddable":true,"href":"http:\/\/enteculturalsantafesino.com.ar\/usina1\/wp-json\/wp\/v2\/users\/3"}],"replies":[{"embeddable":true,"href":"http:\/\/enteculturalsantafesino.com.ar\/usina1\/wp-json\/wp\/v2\/comments?post=11175"}],"version-history":[{"count":0,"href":"http:\/\/enteculturalsantafesino.com.ar\/usina1\/wp-json\/wp\/v2\/posts\/11175\/revisions"}],"wp:featuredmedia":[{"embeddable":true,"href":"http:\/\/enteculturalsantafesino.com.ar\/usina1\/wp-json\/wp\/v2\/media\/11176"}],"wp:attachment":[{"href":"http:\/\/enteculturalsantafesino.com.ar\/usina1\/wp-json\/wp\/v2\/media?parent=11175"}],"wp:term":[{"taxonomy":"category","embeddable":true,"href":"http:\/\/enteculturalsantafesino.com.ar\/usina1\/wp-json\/wp\/v2\/categories?post=11175"},{"taxonomy":"post_tag","embeddable":true,"href":"http:\/\/enteculturalsantafesino.com.ar\/usina1\/wp-json\/wp\/v2\/tags?post=11175"}],"curies":[{"name":"wp","href":"https:\/\/api.w.org\/{rel}","templated":true}]}}