{"id":11179,"date":"2013-08-10T19:29:41","date_gmt":"2013-08-10T19:29:41","guid":{"rendered":"http:\/\/entecultura.com.ar\/usina1\/?p=11179"},"modified":"2013-08-10T19:32:25","modified_gmt":"2013-08-10T19:32:25","slug":"valmo-record-venezuela-cerro-el-compartiendo-cultura-en-canada-de-gomez","status":"publish","type":"post","link":"http:\/\/enteculturalsantafesino.com.ar\/usina1\/2013\/08\/valmo-record-venezuela-cerro-el-compartiendo-cultura-en-canada-de-gomez\/","title":{"rendered":"Valmo Record-Venezuela cerr\u00f3 el \u00abCompartiendo Cultura\u00bb en Ca\u00f1ada de G\u00f3mez"},"content":{"rendered":"<p>Un nuevo<a href=\"http:\/\/enteculturalsantafesino.com.ar\/usina1\/tag\/compartiendo-cultura\/\"> \u00abCompartiendo Cultura\u00bb<\/a> lleg\u00f3 a su final con una propuesta innovadora<a href=\"http:\/\/enteculturalsantafesino.com.ar\/usina1\/wp-content\/uploads\/2013\/08\/644238_336155266519587_1292713693_n.jpg\" rel=\"lightbox[11179]\"><img loading=\"lazy\" decoding=\"async\" class=\"alignright size-medium wp-image-11180\" alt=\"644238_336155266519587_1292713693_n\" src=\"http:\/\/enteculturalsantafesino.com.ar\/usina1\/wp-content\/uploads\/2013\/08\/644238_336155266519587_1292713693_n-300x168.jpg\" width=\"300\" height=\"168\" srcset=\"http:\/\/enteculturalsantafesino.com.ar\/usina1\/wp-content\/uploads\/2013\/08\/644238_336155266519587_1292713693_n-300x168.jpg 300w, http:\/\/enteculturalsantafesino.com.ar\/usina1\/wp-content\/uploads\/2013\/08\/644238_336155266519587_1292713693_n.jpg 960w\" sizes=\"(max-width: 300px) 100vw, 300px\" \/><\/a><\/p>\n<p>que recorri\u00f3 los caminos santafesinos de nuestros pueblos y ciudades dando un color distinto y con mucho ritmo.<\/p>\n<p>El grupo musical venezolano \u00a0<em>Valmo Record<\/em> durante las jornadas del 8 y 9 de agosto hac\u00eda su arribo en la ciudad de Ca\u00f1ada de G\u00f3mez para promover toda su m\u00fasica y actividad.<\/p>\n<p>Entidades educativas, culturales y Medios de difusi\u00f3n locales y regionales abr\u00edan sus puertas para generar una interacci\u00f3n con los visitantes culturales venezolanos.<\/p>\n<p>Los integrantes de <em>Valmo Record<\/em> durante la jornada del jueves 8 se hicieron presentes en la Escuela Almafuerte N\u00ba 494 \u00a0en donde compartieron con los educandos sus experiencias y m\u00fasica contagiando la alegr\u00eda en toda la comunidad educativa.<\/p>\n<p>Los j\u00f3venes oriundos de \u00a0Caja Seca, Zulia, Venezuela manifestaron:\u00bb<em>Estamos muy agradecidos y contentos con cada lugar que visitamos por su atenci\u00f3n y amabilidad a: \u00a0Correa, Mar\u00eda Juana, San Jorge, Esperanza, El Tr\u00e9bol, Carlos Pellegrini, Villa Elo\u00edsa y Ca\u00f1ada de G\u00f3mez nuestro saludo y el deseo de volver a encontrarnos\u00bb.<\/em><\/p>\n<p><em>\u00abUn p\u00e1rrafo aparte para Mariano Villarruel- Secretario de Cultura de Correa y responsable del programa <a href=\"http:\/\/enteculturalsantafesino.com.ar\/usina1\/tag\/compartiendo-cultura\/\">\u00abCompartiendo Cultura\u00bb <\/a>perteneciente al Ente Cultural, a \u00e9l y \u00a0a todos los que conforman dicho espacio cultural nuestro agradecimiento y saludo fraterno\u00bb<\/em><\/p>\n<p><strong>Casa del Bicentenario<a href=\"http:\/\/enteculturalsantafesino.com.ar\/usina1\/wp-content\/uploads\/2013\/08\/733812_634978353192717_1167995271_n.jpg\" rel=\"lightbox[11179]\"><img loading=\"lazy\" decoding=\"async\" class=\"alignright size-medium wp-image-11181\" alt=\"733812_634978353192717_1167995271_n\" src=\"http:\/\/enteculturalsantafesino.com.ar\/usina1\/wp-content\/uploads\/2013\/08\/733812_634978353192717_1167995271_n-300x225.jpg\" width=\"300\" height=\"225\" srcset=\"http:\/\/enteculturalsantafesino.com.ar\/usina1\/wp-content\/uploads\/2013\/08\/733812_634978353192717_1167995271_n-300x225.jpg 300w, http:\/\/enteculturalsantafesino.com.ar\/usina1\/wp-content\/uploads\/2013\/08\/733812_634978353192717_1167995271_n.jpg 604w\" sizes=\"(max-width: 300px) 100vw, 300px\" \/><\/a><\/strong><\/p>\n<p>En la noche del <strong>viernes 9<\/strong> a partir de las 21hs un lleno total tuvo como marco la imponente Casa del Bicentenario de Ca\u00f1ada de G\u00f3mez. Distintas generaciones disfrutaron del merengue-mambo de <em>Valmo Record<\/em> cautivando y poniendo de pie a todos los asistentes en la noche que daba por finalizada la gira internacional denominada \u00abAs\u00ed se Baila\u00bb<\/p>\n<p>\u00ab<em>Vivimos una fiesta a sala llena, en una noche que da por finalizada una gira cargada de esfuerzo, voluntades y kil\u00f3metros que nos permiten seguir generando estas \u00abhermosas locuras\u00bb que se abrazan con el \u00e9xito generado desde la participaci\u00f3n e integraci\u00f3n\u00bb, se\u00f1al\u00f3 Villarruel\u00a0<\/em><\/p>\n","protected":false},"excerpt":{"rendered":"<p>Un nuevo \u00abCompartiendo Cultura\u00bb lleg\u00f3 a su final con una propuesta innovadora que recorri\u00f3 los caminos santafesinos [&hellip;]<\/p>\n","protected":false},"author":3,"featured_media":11181,"comment_status":"closed","ping_status":"closed","sticky":false,"template":"","format":"standard","meta":{"_jetpack_memberships_contains_paid_content":false,"footnotes":"","jetpack_publicize_message":"","jetpack_publicize_feature_enabled":true,"jetpack_social_post_already_shared":false,"jetpack_social_options":{"image_generator_settings":{"template":"highway","enabled":false}}},"categories":[11],"tags":[36,35],"jetpack_publicize_connections":[],"jetpack_sharing_enabled":true,"jetpack_featured_media_url":"http:\/\/enteculturalsantafesino.com.ar\/usina1\/wp-content\/uploads\/2013\/08\/733812_634978353192717_1167995271_n.jpg","_links":{"self":[{"href":"http:\/\/enteculturalsantafesino.com.ar\/usina1\/wp-json\/wp\/v2\/posts\/11179"}],"collection":[{"href":"http:\/\/enteculturalsantafesino.com.ar\/usina1\/wp-json\/wp\/v2\/posts"}],"about":[{"href":"http:\/\/enteculturalsantafesino.com.ar\/usina1\/wp-json\/wp\/v2\/types\/post"}],"author":[{"embeddable":true,"href":"http:\/\/enteculturalsantafesino.com.ar\/usina1\/wp-json\/wp\/v2\/users\/3"}],"replies":[{"embeddable":true,"href":"http:\/\/enteculturalsantafesino.com.ar\/usina1\/wp-json\/wp\/v2\/comments?post=11179"}],"version-history":[{"count":0,"href":"http:\/\/enteculturalsantafesino.com.ar\/usina1\/wp-json\/wp\/v2\/posts\/11179\/revisions"}],"wp:featuredmedia":[{"embeddable":true,"href":"http:\/\/enteculturalsantafesino.com.ar\/usina1\/wp-json\/wp\/v2\/media\/11181"}],"wp:attachment":[{"href":"http:\/\/enteculturalsantafesino.com.ar\/usina1\/wp-json\/wp\/v2\/media?parent=11179"}],"wp:term":[{"taxonomy":"category","embeddable":true,"href":"http:\/\/enteculturalsantafesino.com.ar\/usina1\/wp-json\/wp\/v2\/categories?post=11179"},{"taxonomy":"post_tag","embeddable":true,"href":"http:\/\/enteculturalsantafesino.com.ar\/usina1\/wp-json\/wp\/v2\/tags?post=11179"}],"curies":[{"name":"wp","href":"https:\/\/api.w.org\/{rel}","templated":true}]}}