{"id":11237,"date":"2013-08-20T13:57:32","date_gmt":"2013-08-20T13:57:32","guid":{"rendered":"http:\/\/entecultura.com.ar\/usina1\/?p=11237"},"modified":"2013-08-20T13:57:32","modified_gmt":"2013-08-20T13:57:32","slug":"dia-del-nino-en-san-genaro","status":"publish","type":"post","link":"http:\/\/enteculturalsantafesino.com.ar\/usina1\/2013\/08\/dia-del-nino-en-san-genaro\/","title":{"rendered":"D\u00eda del Ni\u00f1o en San Genaro"},"content":{"rendered":"<p>Este a\u00f1o el tradicional festejo del D\u00eda del Ni\u00f1o se realiz\u00f3 el d\u00eda lunes feriado nacional,<a href=\"http:\/\/enteculturalsantafesino.com.ar\/usina1\/wp-content\/uploads\/2013\/08\/1003212_619413981423032_335673394_n.jpg\" rel=\"lightbox[11237]\"><img loading=\"lazy\" decoding=\"async\" class=\"alignright size-medium wp-image-11238\" alt=\"1003212_619413981423032_335673394_n\" src=\"http:\/\/enteculturalsantafesino.com.ar\/usina1\/wp-content\/uploads\/2013\/08\/1003212_619413981423032_335673394_n-300x168.jpg\" width=\"300\" height=\"168\" srcset=\"http:\/\/enteculturalsantafesino.com.ar\/usina1\/wp-content\/uploads\/2013\/08\/1003212_619413981423032_335673394_n-300x168.jpg 300w, http:\/\/enteculturalsantafesino.com.ar\/usina1\/wp-content\/uploads\/2013\/08\/1003212_619413981423032_335673394_n.jpg 320w\" sizes=\"(max-width: 300px) 100vw, 300px\" \/><\/a><\/p>\n<p>en esta oportunidad se llev\u00f3 a cabo en dos sectores de la ciudad. Uno de los puntos de encuentro fue en el predio del Rotary Club San Genaro, frente a la rotonda Paseo del Centenario, donde colaboraron los alumnos de 5to a\u00f1o de la Escuela de Ense\u00f1anza Media N\u00ba 437, los j\u00f3venes de la Parroquia San Genaro, la Iglesia Evang\u00e9lica y el Club Atl\u00e9tico San Genaro.<\/p>\n<p>Por otra parte el Club Sportivo Rivadavia junto a la Vecinal Barrio Norte, la Iglesia \u00abJes\u00fas Vive\u00bb y el Club de Leones desarrollaron las actividades tradicionales en las instalaciones del Club Sportivo, tambi\u00e9n hubo colaboraci\u00f3n de la Cooperativa \u00ab19 de Setiembre\u00bb. En ambos eventos hubo m\u00fasica, juegos tradicionales, servicio de meriendas y sorteos.<\/p>\n<p>La Municipalidad de San Genaro regal\u00f3 dos bicicletas las cuales fueron sorteadas adem\u00e1s contrat\u00f3 para amos lugares una obra de teatro de primer nivel \u201cCenicienta\u201d. Los ni\u00f1os de la ciudad pudieron festejar su d\u00eda a pleno sol y diversi\u00f3n.<\/p>\n","protected":false},"excerpt":{"rendered":"<p>Este a\u00f1o el tradicional festejo del D\u00eda del Ni\u00f1o se realiz\u00f3 el d\u00eda lunes feriado nacional, en [&hellip;]<\/p>\n","protected":false},"author":3,"featured_media":11239,"comment_status":"closed","ping_status":"closed","sticky":false,"template":"","format":"standard","meta":{"_jetpack_memberships_contains_paid_content":false,"footnotes":"","jetpack_publicize_message":"","jetpack_publicize_feature_enabled":true,"jetpack_social_post_already_shared":false,"jetpack_social_options":{"image_generator_settings":{"template":"highway","enabled":false}}},"categories":[28],"tags":[],"jetpack_publicize_connections":[],"jetpack_sharing_enabled":true,"jetpack_featured_media_url":"http:\/\/enteculturalsantafesino.com.ar\/usina1\/wp-content\/uploads\/2013\/08\/1003765_619414001423030_2002027628_n.jpg","_links":{"self":[{"href":"http:\/\/enteculturalsantafesino.com.ar\/usina1\/wp-json\/wp\/v2\/posts\/11237"}],"collection":[{"href":"http:\/\/enteculturalsantafesino.com.ar\/usina1\/wp-json\/wp\/v2\/posts"}],"about":[{"href":"http:\/\/enteculturalsantafesino.com.ar\/usina1\/wp-json\/wp\/v2\/types\/post"}],"author":[{"embeddable":true,"href":"http:\/\/enteculturalsantafesino.com.ar\/usina1\/wp-json\/wp\/v2\/users\/3"}],"replies":[{"embeddable":true,"href":"http:\/\/enteculturalsantafesino.com.ar\/usina1\/wp-json\/wp\/v2\/comments?post=11237"}],"version-history":[{"count":0,"href":"http:\/\/enteculturalsantafesino.com.ar\/usina1\/wp-json\/wp\/v2\/posts\/11237\/revisions"}],"wp:featuredmedia":[{"embeddable":true,"href":"http:\/\/enteculturalsantafesino.com.ar\/usina1\/wp-json\/wp\/v2\/media\/11239"}],"wp:attachment":[{"href":"http:\/\/enteculturalsantafesino.com.ar\/usina1\/wp-json\/wp\/v2\/media?parent=11237"}],"wp:term":[{"taxonomy":"category","embeddable":true,"href":"http:\/\/enteculturalsantafesino.com.ar\/usina1\/wp-json\/wp\/v2\/categories?post=11237"},{"taxonomy":"post_tag","embeddable":true,"href":"http:\/\/enteculturalsantafesino.com.ar\/usina1\/wp-json\/wp\/v2\/tags?post=11237"}],"curies":[{"name":"wp","href":"https:\/\/api.w.org\/{rel}","templated":true}]}}