{"id":11243,"date":"2013-08-20T22:48:46","date_gmt":"2013-08-20T22:48:46","guid":{"rendered":"http:\/\/entecultura.com.ar\/usina1\/?p=11243"},"modified":"2013-08-20T22:48:46","modified_gmt":"2013-08-20T22:48:46","slug":"el-trebol-trabajos-de-preservacion-y-conservacion-del-patrimonio-museistico","status":"publish","type":"post","link":"http:\/\/enteculturalsantafesino.com.ar\/usina1\/2013\/08\/el-trebol-trabajos-de-preservacion-y-conservacion-del-patrimonio-museistico\/","title":{"rendered":"El Tr\u00e9bol: Trabajos de preservaci\u00f3n y conservaci\u00f3n del patrimonio muse\u00edstico"},"content":{"rendered":"<p>Desde el a\u00f1o 2012, el Museo Municipal viene trabajando en la preservaci\u00f3n y<a href=\"http:\/\/enteculturalsantafesino.com.ar\/usina1\/wp-content\/uploads\/2013\/08\/timthumb4.jpg\" rel=\"lightbox[11243]\"><img loading=\"lazy\" decoding=\"async\" class=\"alignright size-full wp-image-11244\" alt=\"timthumb\" src=\"http:\/\/enteculturalsantafesino.com.ar\/usina1\/wp-content\/uploads\/2013\/08\/timthumb4.jpg\" width=\"200\" height=\"150\" \/><\/a><\/p>\n<p>conservaci\u00f3n del patrimonio muse\u00edstico.<\/p>\n<p>La tarea est\u00e1 a cargo de la Muse\u00f3loga Olga Banchio de la ciudad de Sastre, respaldada por las personas que se desempe\u00f1an a diario en dicha instituci\u00f3n.<\/p>\n<p>\u00c9stos trabajos, consisten en la limpieza \u201cpreventiva\u201d de los distintos materiales que componen el acervo y el objetivo principal es no tener que llegar a la intervenci\u00f3n o restauraci\u00f3n de tan importantes documentos<\/p>\n","protected":false},"excerpt":{"rendered":"<p>Desde el a\u00f1o 2012, el Museo Municipal viene trabajando en la preservaci\u00f3n y conservaci\u00f3n del patrimonio muse\u00edstico. [&hellip;]<\/p>\n","protected":false},"author":3,"featured_media":11244,"comment_status":"closed","ping_status":"closed","sticky":false,"template":"","format":"standard","meta":{"_jetpack_memberships_contains_paid_content":false,"footnotes":"","jetpack_publicize_message":"","jetpack_publicize_feature_enabled":true,"jetpack_social_post_already_shared":false,"jetpack_social_options":{"image_generator_settings":{"template":"highway","enabled":false}}},"categories":[18],"tags":[],"jetpack_publicize_connections":[],"jetpack_sharing_enabled":true,"jetpack_featured_media_url":"http:\/\/enteculturalsantafesino.com.ar\/usina1\/wp-content\/uploads\/2013\/08\/timthumb4.jpg","_links":{"self":[{"href":"http:\/\/enteculturalsantafesino.com.ar\/usina1\/wp-json\/wp\/v2\/posts\/11243"}],"collection":[{"href":"http:\/\/enteculturalsantafesino.com.ar\/usina1\/wp-json\/wp\/v2\/posts"}],"about":[{"href":"http:\/\/enteculturalsantafesino.com.ar\/usina1\/wp-json\/wp\/v2\/types\/post"}],"author":[{"embeddable":true,"href":"http:\/\/enteculturalsantafesino.com.ar\/usina1\/wp-json\/wp\/v2\/users\/3"}],"replies":[{"embeddable":true,"href":"http:\/\/enteculturalsantafesino.com.ar\/usina1\/wp-json\/wp\/v2\/comments?post=11243"}],"version-history":[{"count":0,"href":"http:\/\/enteculturalsantafesino.com.ar\/usina1\/wp-json\/wp\/v2\/posts\/11243\/revisions"}],"wp:featuredmedia":[{"embeddable":true,"href":"http:\/\/enteculturalsantafesino.com.ar\/usina1\/wp-json\/wp\/v2\/media\/11244"}],"wp:attachment":[{"href":"http:\/\/enteculturalsantafesino.com.ar\/usina1\/wp-json\/wp\/v2\/media?parent=11243"}],"wp:term":[{"taxonomy":"category","embeddable":true,"href":"http:\/\/enteculturalsantafesino.com.ar\/usina1\/wp-json\/wp\/v2\/categories?post=11243"},{"taxonomy":"post_tag","embeddable":true,"href":"http:\/\/enteculturalsantafesino.com.ar\/usina1\/wp-json\/wp\/v2\/tags?post=11243"}],"curies":[{"name":"wp","href":"https:\/\/api.w.org\/{rel}","templated":true}]}}