{"id":11247,"date":"2013-08-20T22:51:23","date_gmt":"2013-08-20T22:51:23","guid":{"rendered":"http:\/\/entecultura.com.ar\/usina1\/?p=11247"},"modified":"2013-08-20T22:51:23","modified_gmt":"2013-08-20T22:51:23","slug":"san-genaro-exitosa-feria-de-emprendedores-y-artesanos-sangenarinos","status":"publish","type":"post","link":"http:\/\/enteculturalsantafesino.com.ar\/usina1\/2013\/08\/san-genaro-exitosa-feria-de-emprendedores-y-artesanos-sangenarinos\/","title":{"rendered":"San Genaro: Exitosa Feria de Emprendedores y Artesanos Sangenarinos"},"content":{"rendered":"<p>Otra exitosa edici\u00f3n de la Feria de Emprendedores y Artesanos Sangenarinos<a href=\"http:\/\/enteculturalsantafesino.com.ar\/usina1\/wp-content\/uploads\/2013\/08\/1148885_618525298178567_2045459779_n.jpg\" rel=\"lightbox[11247]\"><img loading=\"lazy\" decoding=\"async\" class=\"alignright size-medium wp-image-11248\" alt=\"1148885_618525298178567_2045459779_n\" src=\"http:\/\/enteculturalsantafesino.com.ar\/usina1\/wp-content\/uploads\/2013\/08\/1148885_618525298178567_2045459779_n-300x225.jpg\" width=\"300\" height=\"225\" srcset=\"http:\/\/enteculturalsantafesino.com.ar\/usina1\/wp-content\/uploads\/2013\/08\/1148885_618525298178567_2045459779_n-300x225.jpg 300w, http:\/\/enteculturalsantafesino.com.ar\/usina1\/wp-content\/uploads\/2013\/08\/1148885_618525298178567_2045459779_n.jpg 320w\" sizes=\"(max-width: 300px) 100vw, 300px\" \/><\/a><\/p>\n<p>se desarroll\u00f3 este fin de semana.<\/p>\n<p>Una exquisita y variada oferta de productos hechos por manos sangenarinas: Panificados, miel, tejidos, bijouterie, art\u00edculos de ornamentaci\u00f3n entre otros.<\/p>\n<p>Especial lugar se le viene dando al Programa Municipal de Promoci\u00f3n de Agricultura Urbana, cuyos participantes ya son protagonistas de la Feria, ofreciendo verduras y hortalizas org\u00e1nicas, seguras, econ\u00f3micas y de calidad.<br \/>\nLa Feria es un reflejo de lo que es para el Municipio su concepci\u00f3n de \u201ctrabajo\u201d y del \u201cvalor agregado\u201d a la materia prima local; combinado con manifestaciones culturales tal como el canto y la danza.<\/p>\n<p>El escenario de la Plaza San Mart\u00edn de zona Oeste, brill\u00f3 el domingo, al ritmo del chamam\u00e9 y las ra\u00edces folkl\u00f3ricas para entremezclarse con la m\u00fasica tropical, su ritmo y su alegr\u00eda.<\/p>\n<p>Llegar a todos los sangenarinos y a todos los sitios de la ciudad, es uno de los desaf\u00edos de la Municipalidad de San Genaro: de a poco, paso a paso se materializa y crece con tu apoyo y el de todos.<\/p>\n","protected":false},"excerpt":{"rendered":"<p>Otra exitosa edici\u00f3n de la Feria de Emprendedores y Artesanos Sangenarinos se desarroll\u00f3 este fin de semana. [&hellip;]<\/p>\n","protected":false},"author":3,"featured_media":11248,"comment_status":"closed","ping_status":"closed","sticky":false,"template":"","format":"standard","meta":{"_jetpack_memberships_contains_paid_content":false,"footnotes":"","jetpack_publicize_message":"","jetpack_publicize_feature_enabled":true,"jetpack_social_post_already_shared":false,"jetpack_social_options":{"image_generator_settings":{"template":"highway","enabled":false}}},"categories":[28],"tags":[],"jetpack_publicize_connections":[],"jetpack_sharing_enabled":true,"jetpack_featured_media_url":"http:\/\/enteculturalsantafesino.com.ar\/usina1\/wp-content\/uploads\/2013\/08\/1148885_618525298178567_2045459779_n.jpg","_links":{"self":[{"href":"http:\/\/enteculturalsantafesino.com.ar\/usina1\/wp-json\/wp\/v2\/posts\/11247"}],"collection":[{"href":"http:\/\/enteculturalsantafesino.com.ar\/usina1\/wp-json\/wp\/v2\/posts"}],"about":[{"href":"http:\/\/enteculturalsantafesino.com.ar\/usina1\/wp-json\/wp\/v2\/types\/post"}],"author":[{"embeddable":true,"href":"http:\/\/enteculturalsantafesino.com.ar\/usina1\/wp-json\/wp\/v2\/users\/3"}],"replies":[{"embeddable":true,"href":"http:\/\/enteculturalsantafesino.com.ar\/usina1\/wp-json\/wp\/v2\/comments?post=11247"}],"version-history":[{"count":0,"href":"http:\/\/enteculturalsantafesino.com.ar\/usina1\/wp-json\/wp\/v2\/posts\/11247\/revisions"}],"wp:featuredmedia":[{"embeddable":true,"href":"http:\/\/enteculturalsantafesino.com.ar\/usina1\/wp-json\/wp\/v2\/media\/11248"}],"wp:attachment":[{"href":"http:\/\/enteculturalsantafesino.com.ar\/usina1\/wp-json\/wp\/v2\/media?parent=11247"}],"wp:term":[{"taxonomy":"category","embeddable":true,"href":"http:\/\/enteculturalsantafesino.com.ar\/usina1\/wp-json\/wp\/v2\/categories?post=11247"},{"taxonomy":"post_tag","embeddable":true,"href":"http:\/\/enteculturalsantafesino.com.ar\/usina1\/wp-json\/wp\/v2\/tags?post=11247"}],"curies":[{"name":"wp","href":"https:\/\/api.w.org\/{rel}","templated":true}]}}