{"id":11251,"date":"2013-08-20T22:52:35","date_gmt":"2013-08-20T22:52:35","guid":{"rendered":"http:\/\/entecultura.com.ar\/usina1\/?p=11251"},"modified":"2013-08-20T22:52:35","modified_gmt":"2013-08-20T22:52:35","slug":"encuentro-coral-en-el-trebol","status":"publish","type":"post","link":"http:\/\/enteculturalsantafesino.com.ar\/usina1\/2013\/08\/encuentro-coral-en-el-trebol\/","title":{"rendered":"Encuentro Coral en El Tr\u00e9bol"},"content":{"rendered":"<p>Este S\u00e1bado 24 de agosto, a partir de la hora 21, en el Centro Cultural Cervantes,<a href=\"http:\/\/enteculturalsantafesino.com.ar\/usina1\/wp-content\/uploads\/2013\/08\/2222.jpg\" rel=\"lightbox[11251]\"><img loading=\"lazy\" decoding=\"async\" class=\"alignright size-full wp-image-11252\" alt=\"2222\" src=\"http:\/\/enteculturalsantafesino.com.ar\/usina1\/wp-content\/uploads\/2013\/08\/2222.jpg\" width=\"200\" height=\"283\" \/><\/a><\/p>\n<p>se llevar\u00e1 a cabo un importante Encuentro Coral en El Tr\u00e9bol.<\/p>\n<p>Coros que participar\u00e1n:<\/p>\n<ul>\n<li>Agrupaci\u00f3n Coral Comunal de Ca\u00f1ada Rosqu\u00edn.<\/li>\n<li>Coro Municipal de Sastre.<\/li>\n<li>Coro E.C.A de Las Rosas.<\/li>\n<li>Grupo Vocal de Las Parejas.<\/li>\n<li>Coro Polif\u00f3nico Municipal El Tr\u00e9bol.<\/li>\n<\/ul>\n<p>La entrada ser\u00e1 libre y gratuita<\/p>\n","protected":false},"excerpt":{"rendered":"<p>Este S\u00e1bado 24 de agosto, a partir de la hora 21, en el Centro Cultural Cervantes, se [&hellip;]<\/p>\n","protected":false},"author":3,"featured_media":11252,"comment_status":"closed","ping_status":"closed","sticky":false,"template":"","format":"standard","meta":{"_jetpack_memberships_contains_paid_content":false,"footnotes":"","jetpack_publicize_message":"","jetpack_publicize_feature_enabled":true,"jetpack_social_post_already_shared":false,"jetpack_social_options":{"image_generator_settings":{"template":"highway","enabled":false}}},"categories":[18],"tags":[],"jetpack_publicize_connections":[],"jetpack_sharing_enabled":true,"jetpack_featured_media_url":"http:\/\/enteculturalsantafesino.com.ar\/usina1\/wp-content\/uploads\/2013\/08\/2222.jpg","_links":{"self":[{"href":"http:\/\/enteculturalsantafesino.com.ar\/usina1\/wp-json\/wp\/v2\/posts\/11251"}],"collection":[{"href":"http:\/\/enteculturalsantafesino.com.ar\/usina1\/wp-json\/wp\/v2\/posts"}],"about":[{"href":"http:\/\/enteculturalsantafesino.com.ar\/usina1\/wp-json\/wp\/v2\/types\/post"}],"author":[{"embeddable":true,"href":"http:\/\/enteculturalsantafesino.com.ar\/usina1\/wp-json\/wp\/v2\/users\/3"}],"replies":[{"embeddable":true,"href":"http:\/\/enteculturalsantafesino.com.ar\/usina1\/wp-json\/wp\/v2\/comments?post=11251"}],"version-history":[{"count":0,"href":"http:\/\/enteculturalsantafesino.com.ar\/usina1\/wp-json\/wp\/v2\/posts\/11251\/revisions"}],"wp:featuredmedia":[{"embeddable":true,"href":"http:\/\/enteculturalsantafesino.com.ar\/usina1\/wp-json\/wp\/v2\/media\/11252"}],"wp:attachment":[{"href":"http:\/\/enteculturalsantafesino.com.ar\/usina1\/wp-json\/wp\/v2\/media?parent=11251"}],"wp:term":[{"taxonomy":"category","embeddable":true,"href":"http:\/\/enteculturalsantafesino.com.ar\/usina1\/wp-json\/wp\/v2\/categories?post=11251"},{"taxonomy":"post_tag","embeddable":true,"href":"http:\/\/enteculturalsantafesino.com.ar\/usina1\/wp-json\/wp\/v2\/tags?post=11251"}],"curies":[{"name":"wp","href":"https:\/\/api.w.org\/{rel}","templated":true}]}}