{"id":11810,"date":"2013-10-17T13:53:29","date_gmt":"2013-10-17T13:53:29","guid":{"rendered":"http:\/\/entecultura.com.ar\/usina1\/?p=11810"},"modified":"2013-10-17T13:53:29","modified_gmt":"2013-10-17T13:53:29","slug":"san-genaro-una-noche-con-arte","status":"publish","type":"post","link":"http:\/\/enteculturalsantafesino.com.ar\/usina1\/2013\/10\/san-genaro-una-noche-con-arte\/","title":{"rendered":"San Genaro: \u00abUna noche con Arte\u00bb"},"content":{"rendered":"<p>El d\u00eda domingo se llev\u00f3 a cabo en el Sal\u00f3n Social del Club Atl\u00e9tico San Genaro el espect\u00e1culo coreogr\u00e1fico musical \u201cUna noche con Arte\u201d a <a href=\"http:\/\/enteculturalsantafesino.com.ar\/usina1\/wp-content\/uploads\/2013\/10\/1378684_647833965247700_1839910162_n.jpg\" rel=\"lightbox[11810]\"><img loading=\"lazy\" decoding=\"async\" class=\"alignright size-medium wp-image-11811\" alt=\"1378684_647833965247700_1839910162_n\" src=\"http:\/\/enteculturalsantafesino.com.ar\/usina1\/wp-content\/uploads\/2013\/10\/1378684_647833965247700_1839910162_n-300x199.jpg\" width=\"300\" height=\"199\" srcset=\"http:\/\/enteculturalsantafesino.com.ar\/usina1\/wp-content\/uploads\/2013\/10\/1378684_647833965247700_1839910162_n-300x199.jpg 300w, http:\/\/enteculturalsantafesino.com.ar\/usina1\/wp-content\/uploads\/2013\/10\/1378684_647833965247700_1839910162_n.jpg 320w\" sizes=\"(max-width: 300px) 100vw, 300px\" \/><\/a>cargo de la Academia de Danzas \u201cLa Sevillana\u201d bajo la direcci\u00f3n de la Prof. Sabrina Sottocorno.<\/p>\n<p>Festejando sus 15 a\u00f1os de vida la prestigiosa academia sangenarina deslumbr\u00f3 una vez m\u00e1s a todo el p\u00fablico presente con un espect\u00e1culo de primer nivel. Todas las alumnas de \u201cLa Sevillana\u201d llevaron su arte al escenario y cada grupo recibi\u00f3 la ovaci\u00f3n merecida.<\/p>\n<p>Por su parte la Municipalidad de San Genaro realiz\u00f3 un aporte econ\u00f3mico que contribuy\u00f3 para el gran despliegue que realiz\u00f3 la Academia de Danzas que tan bien nos representa a los sangenarinos a lo largo de la geograf\u00eda argentina<\/p>\n","protected":false},"excerpt":{"rendered":"<p>El d\u00eda domingo se llev\u00f3 a cabo en el Sal\u00f3n Social del Club Atl\u00e9tico San Genaro el [&hellip;]<\/p>\n","protected":false},"author":3,"featured_media":11811,"comment_status":"closed","ping_status":"closed","sticky":false,"template":"","format":"standard","meta":{"_jetpack_memberships_contains_paid_content":false,"footnotes":"","jetpack_publicize_message":"","jetpack_publicize_feature_enabled":true,"jetpack_social_post_already_shared":false,"jetpack_social_options":{"image_generator_settings":{"template":"highway","enabled":false}}},"categories":[28],"tags":[],"jetpack_publicize_connections":[],"jetpack_sharing_enabled":true,"jetpack_featured_media_url":"http:\/\/enteculturalsantafesino.com.ar\/usina1\/wp-content\/uploads\/2013\/10\/1378684_647833965247700_1839910162_n.jpg","_links":{"self":[{"href":"http:\/\/enteculturalsantafesino.com.ar\/usina1\/wp-json\/wp\/v2\/posts\/11810"}],"collection":[{"href":"http:\/\/enteculturalsantafesino.com.ar\/usina1\/wp-json\/wp\/v2\/posts"}],"about":[{"href":"http:\/\/enteculturalsantafesino.com.ar\/usina1\/wp-json\/wp\/v2\/types\/post"}],"author":[{"embeddable":true,"href":"http:\/\/enteculturalsantafesino.com.ar\/usina1\/wp-json\/wp\/v2\/users\/3"}],"replies":[{"embeddable":true,"href":"http:\/\/enteculturalsantafesino.com.ar\/usina1\/wp-json\/wp\/v2\/comments?post=11810"}],"version-history":[{"count":0,"href":"http:\/\/enteculturalsantafesino.com.ar\/usina1\/wp-json\/wp\/v2\/posts\/11810\/revisions"}],"wp:featuredmedia":[{"embeddable":true,"href":"http:\/\/enteculturalsantafesino.com.ar\/usina1\/wp-json\/wp\/v2\/media\/11811"}],"wp:attachment":[{"href":"http:\/\/enteculturalsantafesino.com.ar\/usina1\/wp-json\/wp\/v2\/media?parent=11810"}],"wp:term":[{"taxonomy":"category","embeddable":true,"href":"http:\/\/enteculturalsantafesino.com.ar\/usina1\/wp-json\/wp\/v2\/categories?post=11810"},{"taxonomy":"post_tag","embeddable":true,"href":"http:\/\/enteculturalsantafesino.com.ar\/usina1\/wp-json\/wp\/v2\/tags?post=11810"}],"curies":[{"name":"wp","href":"https:\/\/api.w.org\/{rel}","templated":true}]}}