{"id":12103,"date":"2013-11-25T19:23:46","date_gmt":"2013-11-25T19:23:46","guid":{"rendered":"http:\/\/entecultura.com.ar\/usina1\/?p=12103"},"modified":"2013-11-25T19:23:46","modified_gmt":"2013-11-25T19:23:46","slug":"nostalgias-y-vivencias-del-canada-de-ayer","status":"publish","type":"post","link":"http:\/\/enteculturalsantafesino.com.ar\/usina1\/2013\/11\/nostalgias-y-vivencias-del-canada-de-ayer\/","title":{"rendered":"\u201cNostalgias y Vivencias del Ca\u00f1ada de Ayer\u201d"},"content":{"rendered":"<p><a href=\"http:\/\/enteculturalsantafesino.com.ar\/usina1\/wp-content\/uploads\/2013\/11\/1465382_382278001907313_817789438_n.jpg\" rel=\"lightbox[12103]\"><img loading=\"lazy\" decoding=\"async\" class=\"alignright size-medium wp-image-12104\" alt=\"1465382_382278001907313_817789438_n\" src=\"http:\/\/enteculturalsantafesino.com.ar\/usina1\/wp-content\/uploads\/2013\/11\/1465382_382278001907313_817789438_n-212x300.jpg\" width=\"212\" height=\"300\" srcset=\"http:\/\/enteculturalsantafesino.com.ar\/usina1\/wp-content\/uploads\/2013\/11\/1465382_382278001907313_817789438_n-212x300.jpg 212w, http:\/\/enteculturalsantafesino.com.ar\/usina1\/wp-content\/uploads\/2013\/11\/1465382_382278001907313_817789438_n.jpg 480w\" sizes=\"(max-width: 212px) 100vw, 212px\" \/><\/a><\/p>\n<p>El mi\u00e9rcoles 27 de noviembre, a las 19.30 horas, en el Museo Hist\u00f3rico Municipal, se llevar\u00e1 a cabo un panel denominado \u201cNostalgias y Vivencias del Ca\u00f1ada de Ayer\u201d en el que varios memoriosos ca\u00f1adenses relatar\u00e1n, conversar\u00e1n y evocar\u00e1n relatos y an\u00e9cdotas vividas en esta ciudad.<\/p>\n<p>El panel estar\u00e1 integrado por Elede Damiano, Esmir Garro, Nancy Maggi, Dina Santill\u00e1n, Emidio Capanna, \u00c1ngel Casari, Eduardo P\u00e9rez Grigioni, H\u00e9ctor Pooli y Adolfo Wytrykusz.<\/p>\n<p>La actividad ser\u00e1 coordinada por el director del Museo Hist\u00f3rico Municipal, Gerardo \u00c1lvarez, y se hablar\u00e1 sobre el viejo Ca\u00f1ada, sus barrios, escuelas, almacenes, negocios y boliches, fiestas, bailes, desfiles, cine, teatro, juegos y deporte, visitantes y muchos m\u00e1s para afianzar la identidad local.<\/p>\n<p>La cita ser\u00e1 el mi\u00e9rcoles 27 de noviembre, a las 19.30 horas, en Museo Hist\u00f3rico Municipal, Bv. Balcarce 860. Organizan: Museo Hist\u00f3rico Municipal y Amigos del Museo. Auspicia: Municipalidad. Entrada libre y gratuita.<\/p>\n","protected":false},"excerpt":{"rendered":"<p>El mi\u00e9rcoles 27 de noviembre, a las 19.30 horas, en el Museo Hist\u00f3rico Municipal, se llevar\u00e1 a [&hellip;]<\/p>\n","protected":false},"author":3,"featured_media":12104,"comment_status":"closed","ping_status":"closed","sticky":false,"template":"","format":"standard","meta":{"_jetpack_memberships_contains_paid_content":false,"footnotes":"","jetpack_publicize_message":"","jetpack_publicize_feature_enabled":true,"jetpack_social_post_already_shared":false,"jetpack_social_options":{"image_generator_settings":{"template":"highway","enabled":false}}},"categories":[11],"tags":[],"jetpack_publicize_connections":[],"jetpack_sharing_enabled":true,"jetpack_featured_media_url":"http:\/\/enteculturalsantafesino.com.ar\/usina1\/wp-content\/uploads\/2013\/11\/1465382_382278001907313_817789438_n.jpg","_links":{"self":[{"href":"http:\/\/enteculturalsantafesino.com.ar\/usina1\/wp-json\/wp\/v2\/posts\/12103"}],"collection":[{"href":"http:\/\/enteculturalsantafesino.com.ar\/usina1\/wp-json\/wp\/v2\/posts"}],"about":[{"href":"http:\/\/enteculturalsantafesino.com.ar\/usina1\/wp-json\/wp\/v2\/types\/post"}],"author":[{"embeddable":true,"href":"http:\/\/enteculturalsantafesino.com.ar\/usina1\/wp-json\/wp\/v2\/users\/3"}],"replies":[{"embeddable":true,"href":"http:\/\/enteculturalsantafesino.com.ar\/usina1\/wp-json\/wp\/v2\/comments?post=12103"}],"version-history":[{"count":0,"href":"http:\/\/enteculturalsantafesino.com.ar\/usina1\/wp-json\/wp\/v2\/posts\/12103\/revisions"}],"wp:featuredmedia":[{"embeddable":true,"href":"http:\/\/enteculturalsantafesino.com.ar\/usina1\/wp-json\/wp\/v2\/media\/12104"}],"wp:attachment":[{"href":"http:\/\/enteculturalsantafesino.com.ar\/usina1\/wp-json\/wp\/v2\/media?parent=12103"}],"wp:term":[{"taxonomy":"category","embeddable":true,"href":"http:\/\/enteculturalsantafesino.com.ar\/usina1\/wp-json\/wp\/v2\/categories?post=12103"},{"taxonomy":"post_tag","embeddable":true,"href":"http:\/\/enteculturalsantafesino.com.ar\/usina1\/wp-json\/wp\/v2\/tags?post=12103"}],"curies":[{"name":"wp","href":"https:\/\/api.w.org\/{rel}","templated":true}]}}