{"id":12150,"date":"2013-12-02T05:05:45","date_gmt":"2013-12-02T05:05:45","guid":{"rendered":"http:\/\/entecultura.com.ar\/usina1\/?p=12150"},"modified":"2013-12-02T05:05:45","modified_gmt":"2013-12-02T05:05:45","slug":"hoy-la-fiesta-de-los-pueblos-llega-a-santa-fe","status":"publish","type":"post","link":"http:\/\/enteculturalsantafesino.com.ar\/usina1\/2013\/12\/hoy-la-fiesta-de-los-pueblos-llega-a-santa-fe\/","title":{"rendered":"Hoy la \u00abFiesta de los Pueblos\u00bb llega a Santa Fe"},"content":{"rendered":"<p>El <strong>pr\u00f3ximo lunes 2 de diciembre a partir de las 19hs<\/strong> en las instalaciones del <strong>Centro Cultural ATE- Casa Espa\u00f1a, <\/strong>sito en calle <a href=\"http:\/\/enteculturalsantafesino.com.ar\/usina1\/wp-content\/uploads\/2013\/12\/untitled.png\" rel=\"lightbox[12150]\"><img loading=\"lazy\" decoding=\"async\" class=\"alignright size-full wp-image-12151\" alt=\"untitled\" src=\"http:\/\/enteculturalsantafesino.com.ar\/usina1\/wp-content\/uploads\/2013\/12\/untitled.png\" width=\"250\" height=\"201\" \/><\/a>Rivadavia N\u00ba 2871 en la ciudad de<strong> Santa Fe<\/strong> el <a href=\"http:\/\/www.enteculturalsantafesino.com.ar\">Ente Cultural Santafesino<\/a> llegar\u00e1 a la capital de la provincia con la <strong>\u201cFiesta de los Pueblos\u201d<\/strong>.<br \/>\nDicha jornada cuenta con el auspicio y acompa\u00f1amiento de la <strong>Secretaria de Cultura de la Presidencia de la Naci\u00f3n<\/strong> junto a la <strong>Diputada Nacional Claudia Giaccone<\/strong> quienes reconocer\u00e1n la labor de los distintos participantes activos durante el a\u00f1o 2013 dentro del espacio del Ente Cultural Santafesino.<\/p>\n<p>La <strong>\u201cFiesta de los Pueblos\u201d<\/strong> ser\u00e1 el encuentro de la cultura santafesina que llega desde el interior, la cual tiene como objetivo primordial, reconocer a los distintos referentes y artistas que formaron parte del proceso de acci\u00f3n cultural 2013.<\/p>\n<p>El acto permitir\u00e1 difundir y promover el quehacer cultural de este espacio pluralista, integrado por municipios y comunas de la provincia de Santa Fe, permitiendo la distinci\u00f3n a los distintos artistas pl\u00e1sticos que conforman la <strong>Galer\u00eda Virtual \u201cForma y Color\u201d<\/strong>, la entrega del material literario <strong>\u201cDe Pueblo en Pueblo\u201d y \u201cClave de Cuento\u201d<\/strong> junto a la producci\u00f3n del cd <strong>\u201cLa Br\u00fajula Cultural\u201d<\/strong> integrado por la m\u00fasica de nuestros exponentes.<a href=\"http:\/\/enteculturalsantafesino.com.ar\/usina1\/wp-content\/uploads\/2013\/12\/180_346.jpg\" rel=\"lightbox[12150]\"><img loading=\"lazy\" decoding=\"async\" class=\"alignright size-medium wp-image-12152\" alt=\"180_346\" src=\"http:\/\/enteculturalsantafesino.com.ar\/usina1\/wp-content\/uploads\/2013\/12\/180_346-300x199.jpg\" width=\"300\" height=\"199\" srcset=\"http:\/\/enteculturalsantafesino.com.ar\/usina1\/wp-content\/uploads\/2013\/12\/180_346-300x199.jpg 300w, http:\/\/enteculturalsantafesino.com.ar\/usina1\/wp-content\/uploads\/2013\/12\/180_346.jpg 800w\" sizes=\"(max-width: 300px) 100vw, 300px\" \/><\/a><\/p>\n<p>Autoridades nacionales, provinciales y de los distintos municipios y comunas dir\u00e1n presentes en esta muestra pluralista y federal de la cultura santafesina.<br \/>\n<strong><\/strong><\/p>\n<p><strong>Riqueza Cultural Santafesina<\/strong><br \/>\n<em>Joel Tortul, Iv\u00e1n Faisal, Silvia Mugica, Bruno Org\u00e1z, Blanca Oliva, desde la Usina IV la danza de Jos\u00e9 y Sof\u00eda , la fusi\u00f3n de cuatro comunidades a trav\u00e9s de la canci\u00f3n Juntos, M\u00e1s y Mejor!, el Coro de Ni\u00f1os de Colonia Aldao, los Coros de las localidades de El Tr\u00e9bol y Tortugas, la presencia de la Muestra Itinerante \u201c Las Banderas de Belgrano\u201d, escritores, pintores, m\u00fasicos distintos puntos geogr\u00e1ficos de la provincia dir\u00e1n presentes para el desarrollo de un cierre de a\u00f1o que quedar\u00e1 marcado en las matrices de este espacio cultural, cooperativo, pluralista y federal santafesino.-<\/em><\/p>\n","protected":false},"excerpt":{"rendered":"<p>El pr\u00f3ximo lunes 2 de diciembre a partir de las 19hs en las instalaciones del Centro Cultural [&hellip;]<\/p>\n","protected":false},"author":3,"featured_media":12151,"comment_status":"closed","ping_status":"closed","sticky":false,"template":"","format":"standard","meta":{"_jetpack_memberships_contains_paid_content":false,"footnotes":"","jetpack_publicize_message":"","jetpack_publicize_feature_enabled":true,"jetpack_social_post_already_shared":false,"jetpack_social_options":{"image_generator_settings":{"template":"highway","enabled":false}}},"categories":[1,38],"tags":[],"jetpack_publicize_connections":[],"jetpack_sharing_enabled":true,"jetpack_featured_media_url":"http:\/\/enteculturalsantafesino.com.ar\/usina1\/wp-content\/uploads\/2013\/12\/untitled.png","_links":{"self":[{"href":"http:\/\/enteculturalsantafesino.com.ar\/usina1\/wp-json\/wp\/v2\/posts\/12150"}],"collection":[{"href":"http:\/\/enteculturalsantafesino.com.ar\/usina1\/wp-json\/wp\/v2\/posts"}],"about":[{"href":"http:\/\/enteculturalsantafesino.com.ar\/usina1\/wp-json\/wp\/v2\/types\/post"}],"author":[{"embeddable":true,"href":"http:\/\/enteculturalsantafesino.com.ar\/usina1\/wp-json\/wp\/v2\/users\/3"}],"replies":[{"embeddable":true,"href":"http:\/\/enteculturalsantafesino.com.ar\/usina1\/wp-json\/wp\/v2\/comments?post=12150"}],"version-history":[{"count":0,"href":"http:\/\/enteculturalsantafesino.com.ar\/usina1\/wp-json\/wp\/v2\/posts\/12150\/revisions"}],"wp:featuredmedia":[{"embeddable":true,"href":"http:\/\/enteculturalsantafesino.com.ar\/usina1\/wp-json\/wp\/v2\/media\/12151"}],"wp:attachment":[{"href":"http:\/\/enteculturalsantafesino.com.ar\/usina1\/wp-json\/wp\/v2\/media?parent=12150"}],"wp:term":[{"taxonomy":"category","embeddable":true,"href":"http:\/\/enteculturalsantafesino.com.ar\/usina1\/wp-json\/wp\/v2\/categories?post=12150"},{"taxonomy":"post_tag","embeddable":true,"href":"http:\/\/enteculturalsantafesino.com.ar\/usina1\/wp-json\/wp\/v2\/tags?post=12150"}],"curies":[{"name":"wp","href":"https:\/\/api.w.org\/{rel}","templated":true}]}}