{"id":12155,"date":"2013-12-04T13:55:57","date_gmt":"2013-12-04T13:55:57","guid":{"rendered":"http:\/\/entecultura.com.ar\/usina1\/?p=12155"},"modified":"2013-12-04T13:57:31","modified_gmt":"2013-12-04T13:57:31","slug":"la-fiesta-de-los-pueblos-fue-un-abrazo-entre-todos","status":"publish","type":"post","link":"http:\/\/enteculturalsantafesino.com.ar\/usina1\/2013\/12\/la-fiesta-de-los-pueblos-fue-un-abrazo-entre-todos\/","title":{"rendered":"\u00abLa Fiesta de los Pueblos\u00bb abraz\u00f3 a Todos!"},"content":{"rendered":"<p>En la noche del <b>lunes 2 en las instalaciones del Centro Cultural ATE- Casa Espa\u00f1a de Santa Fe<\/b>, se llev\u00f3 a cabo la <b>\u00abFiesta de los <a href=\"http:\/\/enteculturalsantafesino.com.ar\/usina1\/wp-content\/uploads\/2013\/12\/1451454_329046320566454_800813991_n.jpg\" rel=\"lightbox[12155]\"><img loading=\"lazy\" decoding=\"async\" class=\"alignright size-medium wp-image-12168\" alt=\"1451454_329046320566454_800813991_n\" src=\"http:\/\/enteculturalsantafesino.com.ar\/usina1\/wp-content\/uploads\/2013\/12\/1451454_329046320566454_800813991_n-300x200.jpg\" width=\"300\" height=\"200\" srcset=\"http:\/\/enteculturalsantafesino.com.ar\/usina1\/wp-content\/uploads\/2013\/12\/1451454_329046320566454_800813991_n-300x200.jpg 300w, http:\/\/enteculturalsantafesino.com.ar\/usina1\/wp-content\/uploads\/2013\/12\/1451454_329046320566454_800813991_n.jpg 960w\" sizes=\"(max-width: 300px) 100vw, 300px\" \/><\/a> Pueblos\u00bb <\/b>del <a href=\"http:\/\/ enteculturalsantafesino.com.ar\">Ente Cultural Santafesino<\/a>.<\/p>\n<p>Fue el encuentro de la cultura santafesina <em>\u201cdesde el interior del interior\u201d<\/em>; con el objetivo de reconocer a los distintos referentes y artistas que formaron parte del proceso de acci\u00f3n cultural 2013.<\/p>\n<p>Con una sala colmada de p\u00fablico, \u00a0los distintos caminos enmarcados dentro de nuestra provincia se fueron entrelazando para concretar un verdadero encuentro federal y cultural\u00a0 a trav\u00e9s de las Usinas fundadas por la fortaleza e idiosincrasia de sus comunidades.<\/p>\n<p><b>Aqu\u00ed est\u00e1 la Bandera\u2026<\/b><\/p>\n<p>El Hall de la imponente sala dispon\u00eda de la <b>Muestra Itinerante \u201cLas Banderas de Belgrano\u201d<\/b> perteneciente al <b>Museo Municipal de <a href=\"http:\/\/enteculturalsantafesino.com.ar\/usina1\/wp-content\/uploads\/2013\/12\/1456719_572124759527414_2132173438_n.jpg\" rel=\"lightbox[12155]\"><img loading=\"lazy\" decoding=\"async\" class=\"alignright size-medium wp-image-12173\" alt=\"1456719_572124759527414_2132173438_n\" src=\"http:\/\/enteculturalsantafesino.com.ar\/usina1\/wp-content\/uploads\/2013\/12\/1456719_572124759527414_2132173438_n-300x225.jpg\" width=\"300\" height=\"225\" srcset=\"http:\/\/enteculturalsantafesino.com.ar\/usina1\/wp-content\/uploads\/2013\/12\/1456719_572124759527414_2132173438_n-300x225.jpg 300w, http:\/\/enteculturalsantafesino.com.ar\/usina1\/wp-content\/uploads\/2013\/12\/1456719_572124759527414_2132173438_n.jpg 960w\" sizes=\"(max-width: 300px) 100vw, 300px\" \/><\/a>El Tr\u00e9bol<\/b>, la cual gir\u00f3 durante todo el a\u00f1o por las localidades que integran el Ente Cultural Santafesino.<\/p>\n<p>La jornada cont\u00f3 con la presencia y el acompa\u00f1amiento de la <b>Dra. Maria Elena Troncoso-Directora Nacional de Acci\u00f3n Federal de la Secretaria de Cultura de la Naci\u00f3n y de la Diputada Nacional Lic. Claudia Giaccone<\/b>, <i>Intendentes y Presidentes Comunales junto a sus Secretarios y Directores de Cultura de las comunidades adheridas a este espacio cultural. Dis<\/i>tintos\u00a0 <i>Municipios y Comunas \u00a0tambi\u00e9n\u00a0dijeron\u00a0presentes llegando a la capital provincial para comenzar andar por este camino\u00a0de \u00a0regionalizaci\u00f3n cultural durante el a\u00f1o 2014.<\/i><\/p>\n<p><b>Diversidad y Riqueza Cultural<\/b><\/p>\n<p>El comienzo de la noche pon\u00eda sobre el escenario el poema del poeta oriundo de <em>Alejandra<\/em><b>, Ra\u00fal R\u00edos, <em>\u201c<\/em><\/b><em>Recorriendo Santa Fe\u201d<\/em> y <a href=\"http:\/\/enteculturalsantafesino.com.ar\/usina1\/wp-content\/uploads\/2013\/12\/1424452_329047177233035_137943448_n.jpg\" rel=\"lightbox[12155]\"><img loading=\"lazy\" decoding=\"async\" class=\"alignright size-medium wp-image-12163\" alt=\"1424452_329047177233035_137943448_n\" src=\"http:\/\/enteculturalsantafesino.com.ar\/usina1\/wp-content\/uploads\/2013\/12\/1424452_329047177233035_137943448_n-200x300.jpg\" width=\"200\" height=\"300\" srcset=\"http:\/\/enteculturalsantafesino.com.ar\/usina1\/wp-content\/uploads\/2013\/12\/1424452_329047177233035_137943448_n-200x300.jpg 200w, http:\/\/enteculturalsantafesino.com.ar\/usina1\/wp-content\/uploads\/2013\/12\/1424452_329047177233035_137943448_n.jpg 640w\" sizes=\"(max-width: 200px) 100vw, 200px\" \/><\/a>sumergiendo a todos, en las diversidad de paisajes y riquezas de nuestra provincia invencible.<\/p>\n<p>La apertura de la noche continu\u00f3 con la presencia de talentosos bailarines de las comunidades de: <b><i>Sastre, Mar\u00eda Juana, Colonia Margarita\u00a0 y San Vicente<\/i><\/b> trayendo desde la danza la coreograf\u00eda de la canci\u00f3n <b>Juntos, M\u00e1s y Mejor<\/b> <i>grabada por 45 voces de las distintas localidades del Ente Cultural Santafesino.\u00a0 <\/i>La noche de la \u201c<b>Fiesta de los Pueblos\u201d<\/b> pon\u00eda a toda una sala de pie para entonar las estrofas de nuestra canci\u00f3n patria a trav\u00e9s de la voz del <b>Profesor Fernando Banegas.<\/b><\/p>\n<p><b>Prof. Alejandra Vismara<\/b><\/p>\n<p>La palabras de la <b><i>Directora de Cultura y Educaci\u00f3n de El Tr\u00e9bol y Presidente del Ente Cultural Santafesino <\/i><\/b>repasaron el desarrollo y crecimiento de este organismo a trav\u00e9s de la cultura y su integraci\u00f3n. <b><i>\u201cTodo esto no se puede lograr desde el personalismo, soy\u00a0 Yo, porque somos nosotros\u201d<\/i><\/b><\/p>\n<p><b>Dra. Mar\u00eda Elena Troncoso<\/b><\/p>\n<p>La\u00a0 <i>Directora Nacional de Acci\u00f3n Federal de la Secretaria de Cultura de la Naci\u00f3n<\/i>, record\u00f3 las primeras reuniones y sus primeras experiencias con el Ente Cultural para concretar estos logros desde la regionalizaci\u00f3n cultural. <i>\u201cSiento mucha emoci\u00f3n y placer de poder estar aqu\u00ed, ratificando una vez m\u00e1s, que la cultura federal se forja, tambi\u00e9n, desde los peque\u00f1os pueblos \u00abgrandes tesoros de bienes culturales\u00bb.<a href=\"http:\/\/enteculturalsantafesino.com.ar\/usina1\/wp-content\/uploads\/2013\/12\/1450066_579428268803473_2146578559_n.jpg\" rel=\"lightbox[12155]\"><img loading=\"lazy\" decoding=\"async\" class=\"alignright size-medium wp-image-12167\" alt=\"1450066_579428268803473_2146578559_n\" src=\"http:\/\/enteculturalsantafesino.com.ar\/usina1\/wp-content\/uploads\/2013\/12\/1450066_579428268803473_2146578559_n-300x225.jpg\" width=\"300\" height=\"225\" srcset=\"http:\/\/enteculturalsantafesino.com.ar\/usina1\/wp-content\/uploads\/2013\/12\/1450066_579428268803473_2146578559_n-300x225.jpg 300w, http:\/\/enteculturalsantafesino.com.ar\/usina1\/wp-content\/uploads\/2013\/12\/1450066_579428268803473_2146578559_n.jpg 960w\" sizes=\"(max-width: 300px) 100vw, 300px\" \/><\/a><\/i><\/p>\n<p><b><i>Lic. Claudia Giaccone:<\/i><\/b><\/p>\n<p>La <strong>Diputada Nacional<\/strong> manifest\u00f3 su compromiso con este espacio cultural. <i>\u201cEste sue\u00f1o se debe a la perseverancia constante de estos caminantes de la cultura, desde el primer d\u00eda cuentan con mi apoyo y es en este encuentro en donde se vislumbra la verdadera cultura federal.\u00a0 Estoy convencida que debemos acompa\u00f1ar y apoyar a los artistas que provienen de nuestras comunidades, con la fuerza del interior\u2026 Seguiremos: Juntos, M\u00e1s y Mejor!\u201d<\/i><\/p>\n<p><b>Un piano que se toca desde el Talento y la Humildad<\/b><\/p>\n<p><b>Bruno Org\u00e1z<\/b> lleg\u00f3 con su marca registrada (talento y humildad) expresando desde sus manos todo el color del arte generando los aplausos de un auditorio cargado de emociones y felicidad por el encuentro manifiesto desde la<a href=\"http:\/\/enteculturalsantafesino.com.ar\/usina1\/wp-content\/uploads\/2013\/12\/1473042_579432882136345_2134731907_n.jpg\" rel=\"lightbox[12155]\"><img loading=\"lazy\" decoding=\"async\" class=\"alignright size-medium wp-image-12178\" alt=\"1473042_579432882136345_2134731907_n\" src=\"http:\/\/enteculturalsantafesino.com.ar\/usina1\/wp-content\/uploads\/2013\/12\/1473042_579432882136345_2134731907_n-300x225.jpg\" width=\"300\" height=\"225\" srcset=\"http:\/\/enteculturalsantafesino.com.ar\/usina1\/wp-content\/uploads\/2013\/12\/1473042_579432882136345_2134731907_n-300x225.jpg 300w, http:\/\/enteculturalsantafesino.com.ar\/usina1\/wp-content\/uploads\/2013\/12\/1473042_579432882136345_2134731907_n.jpg 960w\" sizes=\"(max-width: 300px) 100vw, 300px\" \/><\/a>Cultura.<\/p>\n<p><b>\u201cJoel Tortul Trio\u201d: Jerarqu\u00eda como marca registrada<\/b><\/p>\n<p>La noche pon\u00eda otro momento sublime, llegaba a la <em>\u201cFiesta de los Pueblos\u201d<\/em><b>\u00a0Joel Tortul Trio<\/b>,el santafesino, nacido en la localidad de <em>Fuentes,<\/em> cautivaba y expon\u00eda su arte en una sala que lo premiaba con el silencio\u00a0 y aplauso que reciben los grandes. La chacarera \u201cLa Vieja\u201d, un zamba que pintaba su inspiraci\u00f3n y un cierre de alto impacto a trav\u00e9s de \u201cLibertango\u201d dejaban un momento de mucha calidad y calidez sobre el escenario del Centro Cultural ATE.<\/p>\n<p><b>Reconocimientos a Municipios y Comunas<\/b><\/p>\n<p>Los caminantes, gestores, impulsores, so\u00f1adores de un territorio cultural, enriquecido, pluralista y federal forman parte de esta noche y en ellos cada comunidad se expresa mediante este espacio creado en junio del 2009. La<a href=\"http:\/\/enteculturalsantafesino.com.ar\/usina1\/wp-content\/uploads\/2013\/12\/1489236_579427162136917_1219808287_n.jpg\" rel=\"lightbox[12155]\"><img loading=\"lazy\" decoding=\"async\" class=\"alignright size-medium wp-image-12174\" alt=\"1489236_579427162136917_1219808287_n\" src=\"http:\/\/enteculturalsantafesino.com.ar\/usina1\/wp-content\/uploads\/2013\/12\/1489236_579427162136917_1219808287_n-300x82.jpg\" width=\"300\" height=\"82\" srcset=\"http:\/\/enteculturalsantafesino.com.ar\/usina1\/wp-content\/uploads\/2013\/12\/1489236_579427162136917_1219808287_n-300x82.jpg 300w, http:\/\/enteculturalsantafesino.com.ar\/usina1\/wp-content\/uploads\/2013\/12\/1489236_579427162136917_1219808287_n.jpg 960w\" sizes=\"(max-width: 300px) 100vw, 300px\" \/><\/a> <b>Direcci\u00f3n Nacional de Acci\u00f3n Federal de la Secretaria de Cultura de la Naci\u00f3n junto a la Diputada Nacional Claudia Giaccone<\/b> reconocieron a los distintos municipios y comunas que se encuentran adheridos al Ente Cultural.<\/p>\n<p><b>Cantor enamorado de\u201d nuestra bota\u201d<a href=\"http:\/\/enteculturalsantafesino.com.ar\/usina1\/wp-content\/uploads\/2013\/12\/1471183_329047050566381_1204525591_n.jpg\" rel=\"lightbox[12155]\"><img loading=\"lazy\" decoding=\"async\" class=\"alignright size-medium wp-image-12179\" alt=\"1471183_329047050566381_1204525591_n\" src=\"http:\/\/enteculturalsantafesino.com.ar\/usina1\/wp-content\/uploads\/2013\/12\/1471183_329047050566381_1204525591_n-300x200.jpg\" width=\"300\" height=\"200\" srcset=\"http:\/\/enteculturalsantafesino.com.ar\/usina1\/wp-content\/uploads\/2013\/12\/1471183_329047050566381_1204525591_n-300x200.jpg 300w, http:\/\/enteculturalsantafesino.com.ar\/usina1\/wp-content\/uploads\/2013\/12\/1471183_329047050566381_1204525591_n.jpg 960w\" sizes=\"(max-width: 300px) 100vw, 300px\" \/><\/a><\/b><\/p>\n<p>El escenario\u00a0 tom\u00f3 el sonido del r\u00edo a trav\u00e9s de la voz y la m\u00fasica de <b>Iv\u00e1n Faisal<\/b> que logr\u00f3 el aplauso entusiasta de los presentes que lo despidieron con un gran reconocimiento al cantautor sanjustino que pasaba por la <b>\u201cFiesta de los Pueblos\u201d.<\/b><\/p>\n<p><b>Se pintaron los caminos\u2026<\/b><\/p>\n<p>Las rutas culturales fueron pintadas en cada rinc\u00f3n de nuestra provincia\u00a0 a trav\u00e9s del programa cultural <b>Forma y Color<\/b> el cual fue expuesto y explicado por su coordinadora la Prof. Guillermina Milocco- Secretaria de Cultura de Sastre.<\/p>\n<p><strong>La ruta costera dijo presente!<\/strong><\/p>\n<p>El Chamam\u00e9\u00a0 hecho danza de la mano de Jos\u00e9 y Sof\u00eda, nos pintaba la magia de la costa que se promueve desde la Ruta 1 los pueblos de la Usina IV: <i>San Jos\u00e9 del Rinc\u00f3n, Santa Rosa de Calchines y Arroyo Leyes.<a href=\"http:\/\/enteculturalsantafesino.com.ar\/usina1\/wp-content\/uploads\/2013\/12\/1457631_329047933899626_875236085_n.jpg\" rel=\"lightbox[12155]\"><img loading=\"lazy\" decoding=\"async\" class=\"alignright size-medium wp-image-12176\" alt=\"1457631_329047933899626_875236085_n\" src=\"http:\/\/enteculturalsantafesino.com.ar\/usina1\/wp-content\/uploads\/2013\/12\/1457631_329047933899626_875236085_n-300x200.jpg\" width=\"300\" height=\"200\" srcset=\"http:\/\/enteculturalsantafesino.com.ar\/usina1\/wp-content\/uploads\/2013\/12\/1457631_329047933899626_875236085_n-300x200.jpg 300w, http:\/\/enteculturalsantafesino.com.ar\/usina1\/wp-content\/uploads\/2013\/12\/1457631_329047933899626_875236085_n.jpg 960w\" sizes=\"(max-width: 300px) 100vw, 300px\" \/><\/a><\/i><\/p>\n<p><b><i>Otras Historas\u2026Otras Vidas\u2026<\/i><\/b><\/p>\n<p>La antolog\u00eda <b>\u201cDe Pueblo en Pueblo\u201d<\/b> permiti\u00f3 que una Provincia a trav\u00e9s de sus escritores escriban. <b>Catalina Serdarevich- Coordinadora del Programa y<\/b><b>Secretaria de Cultura de Carlos Pellegrini c<\/b>ont\u00f3 las caracter\u00edsticas de esta propuesta manifestando que cada escritor recibir\u00e1 10 ejemplares y se puede visitar dicha Antolog\u00eda en la web oficial del Ente Cultural.<\/p>\n<p>&nbsp;<\/p>\n<p><b>Un escenario llen\u00f3 de musicalidad<\/b><\/p>\n<p>La <b>Fiesta de los Pueblos<\/b> recib\u00eda dos momentos muy especiales y de excelente respuesta por parte del p\u00fablico, desde <b>Colonia Aldao <a href=\"http:\/\/enteculturalsantafesino.com.ar\/usina1\/wp-content\/uploads\/2013\/12\/1452454_329049497232803_1000076844_n.jpg\" rel=\"lightbox[12155]\"><img loading=\"lazy\" decoding=\"async\" class=\"alignright size-medium wp-image-12169\" alt=\"1452454_329049497232803_1000076844_n\" src=\"http:\/\/enteculturalsantafesino.com.ar\/usina1\/wp-content\/uploads\/2013\/12\/1452454_329049497232803_1000076844_n-300x200.jpg\" width=\"300\" height=\"200\" srcset=\"http:\/\/enteculturalsantafesino.com.ar\/usina1\/wp-content\/uploads\/2013\/12\/1452454_329049497232803_1000076844_n-300x200.jpg 300w, http:\/\/enteculturalsantafesino.com.ar\/usina1\/wp-content\/uploads\/2013\/12\/1452454_329049497232803_1000076844_n.jpg 960w\" sizes=\"(max-width: 300px) 100vw, 300px\" \/><\/a>llegaba el Coro de Ni\u00f1os dirigido por Elvio Samudio <\/b>quienes con una excelente presentaci\u00f3n emocionaron y contagiaron al p\u00fablico con sus interpretaciones.<\/p>\n<p>La voz de la querida y carism\u00e1tica <b>Blanca Oliva<\/b> pusieron en alto a los Pueblos Originarios. Ovacionada, premiada y coronada de \u00e9xito.<\/p>\n<p><b>M\u00fasica de Ac\u00e1! \u201cLa Br\u00fajula Cultural\u201d<\/b><\/p>\n<p><b>\u201cLa Br\u00fajula Cultural\u201d<\/b> recorrer\u00e1 los caminos a lo largo y ancho de la bota santafesina con la m\u00fasica de nuestros artistas. Todos los g\u00e9neros y de distintas comunidades adheridas al Ente recibieron su cd para promover y difundir su arte. <b>Leonardo Carroza- Secretario de Cultura de Mar\u00eda Susana,<\/b> explic\u00f3 los objetivos de dicha propuesta auspiciada por la <em>Diputada Nacional Claudia Giaccone.<a href=\"http:\/\/enteculturalsantafesino.com.ar\/usina1\/wp-content\/uploads\/2013\/12\/1456782_579430525469914_1636303746_n.jpg\" rel=\"lightbox[12155]\"><img loading=\"lazy\" decoding=\"async\" class=\"alignright size-medium wp-image-12183\" alt=\"1456782_579430525469914_1636303746_n\" src=\"http:\/\/enteculturalsantafesino.com.ar\/usina1\/wp-content\/uploads\/2013\/12\/1456782_579430525469914_1636303746_n-300x225.jpg\" width=\"300\" height=\"225\" srcset=\"http:\/\/enteculturalsantafesino.com.ar\/usina1\/wp-content\/uploads\/2013\/12\/1456782_579430525469914_1636303746_n-300x225.jpg 300w, http:\/\/enteculturalsantafesino.com.ar\/usina1\/wp-content\/uploads\/2013\/12\/1456782_579430525469914_1636303746_n.jpg 960w\" sizes=\"(max-width: 300px) 100vw, 300px\" \/><\/a><\/em><\/p>\n<p><b>Ellos Tambi\u00e9n escriben\u2026 <\/b><\/p>\n<p><strong>Mar\u00eda Rosa Rudolf- Secretaria de la Comisi\u00f3n de Cultura de Lehmann<\/strong> explic\u00f3 el proceso de desarrollos del libro de cuentos <strong>\u201cClave de Cuento\u201d<\/strong>, el cual se encuentra constituido por ni\u00f1os y j\u00f3venes de las distintas localidades que integran el Ente Cultural Santafesino. Ellos tambi\u00e9n escriben\u2026fortaleciendo los lazos culturales y literarios.<\/p>\n<p><b>Uni\u00f3n Cultural! Uni\u00f3n de los Pueblos!<\/b><\/p>\n<p>El poema <b>\u201cSantafesino\u201d<\/b> creado por la pluma de<b> Jorge Mu\u00f1oz (San Genaro) <\/b>preparaba la fusi\u00f3n y una nueva uni\u00f3n cultural a trav\u00e9s de los <b>Coros de El Tr\u00e9bol y Tortugas, dirigidos por Juan Pablo Rossi <\/b>con obras del cancionero popular y una \u201cCanci\u00f3n con Todos\u201d recib\u00eda\u00a0 la caricia del auditorio.-<a href=\"http:\/\/enteculturalsantafesino.com.ar\/usina1\/wp-content\/uploads\/2013\/12\/1457640_579433372136296_1375267603_n.jpg\" rel=\"lightbox[12155]\"><img loading=\"lazy\" decoding=\"async\" class=\"alignright size-medium wp-image-12185\" alt=\"1457640_579433372136296_1375267603_n\" src=\"http:\/\/enteculturalsantafesino.com.ar\/usina1\/wp-content\/uploads\/2013\/12\/1457640_579433372136296_1375267603_n-300x225.jpg\" width=\"300\" height=\"225\" srcset=\"http:\/\/enteculturalsantafesino.com.ar\/usina1\/wp-content\/uploads\/2013\/12\/1457640_579433372136296_1375267603_n-300x225.jpg 300w, http:\/\/enteculturalsantafesino.com.ar\/usina1\/wp-content\/uploads\/2013\/12\/1457640_579433372136296_1375267603_n.jpg 960w\" sizes=\"(max-width: 300px) 100vw, 300px\" \/><\/a><\/p>\n<p><b>Son Nuestros<\/b><\/p>\n<p>El <strong>Ente Cultural Santafesino junto a la Secretaria de Cultura de la Naci\u00f3n y la Diputada Nacional Claudia Giaccone<\/strong> quisieron reconocer a distintas personalidades, instituciones, autoridades y medios de comunicaci\u00f3n \u00a0que transitan y acompa\u00f1an este camino en b\u00fasqueda de la uni\u00f3n cultural de los pueblos.\u00a0 Impulsan y apuestan d\u00eda a d\u00eda a este desaf\u00edo de integraci\u00f3n y comuni\u00f3n entre santafesinos.<\/p>\n<p><b>Danza a la vida misma\u2026<\/b><\/p>\n<p>El cierre \u00a0llegaba de la mano de la canci\u00f3n <b>Sobreviviendo,<\/b> obra musical del cantautor V\u00edctor Heredia fue expuesta por bailarines de las comunidades de <b><i>Sastre, Colonia Margarita, San Vicente y\u00a0 Mar\u00eda Juana.<\/i><\/b> Una coreograf\u00eda reflexiva, sutil, conmovedora&#8230; una danza a la vida misma&#8230;\u00a0<a href=\"http:\/\/enteculturalsantafesino.com.ar\/usina1\/wp-content\/uploads\/2013\/12\/1483049_572131632860060_118831676_n.jpg\" rel=\"lightbox[12155]\"><img loading=\"lazy\" decoding=\"async\" class=\"alignright size-medium wp-image-12184\" alt=\"1483049_572131632860060_118831676_n\" src=\"http:\/\/enteculturalsantafesino.com.ar\/usina1\/wp-content\/uploads\/2013\/12\/1483049_572131632860060_118831676_n-300x74.jpg\" width=\"300\" height=\"74\" srcset=\"http:\/\/enteculturalsantafesino.com.ar\/usina1\/wp-content\/uploads\/2013\/12\/1483049_572131632860060_118831676_n-300x74.jpg 300w, http:\/\/enteculturalsantafesino.com.ar\/usina1\/wp-content\/uploads\/2013\/12\/1483049_572131632860060_118831676_n.jpg 960w\" sizes=\"(max-width: 300px) 100vw, 300px\" \/><\/a><\/p>\n<p><b>La Fiesta de los Pueblos fue la Fiesta de Todos! <\/b><\/p>\n<p><i>Un encuentro desde la cultural reflejando la matriz de este proyecto que promueve el Ente Cultural Santafesino: Crecer\u2026desde abajo hacia arriba, con la pureza e idiosincrasia de la gente que habita este suelo santafesino. Con la Fuerza del Interior y el convencimiento del trabajo colectivo, cada <a href=\"http:\/\/enteculturalsantafesino.com.ar\/usina1\/wp-content\/uploads\/2013\/12\/1463919_364509417019013_1560635856_n.jpg\" rel=\"lightbox[12155]\"><img loading=\"lazy\" decoding=\"async\" class=\"alignright size-medium wp-image-12188\" alt=\"1463919_364509417019013_1560635856_n\" src=\"http:\/\/enteculturalsantafesino.com.ar\/usina1\/wp-content\/uploads\/2013\/12\/1463919_364509417019013_1560635856_n-300x128.jpg\" width=\"300\" height=\"128\" srcset=\"http:\/\/enteculturalsantafesino.com.ar\/usina1\/wp-content\/uploads\/2013\/12\/1463919_364509417019013_1560635856_n-300x128.jpg 300w, http:\/\/enteculturalsantafesino.com.ar\/usina1\/wp-content\/uploads\/2013\/12\/1463919_364509417019013_1560635856_n.jpg 960w\" sizes=\"(max-width: 300px) 100vw, 300px\" \/><\/a>rinc\u00f3n de la bota invencible dir\u00e1: Juntos; M\u00e1s y mejor! <\/i><\/p>\n<p>&nbsp;<\/p>\n<p>&nbsp;<\/p>\n","protected":false},"excerpt":{"rendered":"<p>En la noche del lunes 2 en las instalaciones del Centro Cultural ATE- Casa Espa\u00f1a de Santa [&hellip;]<\/p>\n","protected":false},"author":3,"featured_media":12189,"comment_status":"closed","ping_status":"closed","sticky":false,"template":"","format":"standard","meta":{"_jetpack_memberships_contains_paid_content":false,"footnotes":"","jetpack_publicize_message":"","jetpack_publicize_feature_enabled":true,"jetpack_social_post_already_shared":false,"jetpack_social_options":{"image_generator_settings":{"template":"highway","enabled":false}}},"categories":[38],"tags":[],"jetpack_publicize_connections":[],"jetpack_sharing_enabled":true,"jetpack_featured_media_url":"http:\/\/enteculturalsantafesino.com.ar\/usina1\/wp-content\/uploads\/2013\/12\/1441359_579423608803939_1534521050_n1.jpg","_links":{"self":[{"href":"http:\/\/enteculturalsantafesino.com.ar\/usina1\/wp-json\/wp\/v2\/posts\/12155"}],"collection":[{"href":"http:\/\/enteculturalsantafesino.com.ar\/usina1\/wp-json\/wp\/v2\/posts"}],"about":[{"href":"http:\/\/enteculturalsantafesino.com.ar\/usina1\/wp-json\/wp\/v2\/types\/post"}],"author":[{"embeddable":true,"href":"http:\/\/enteculturalsantafesino.com.ar\/usina1\/wp-json\/wp\/v2\/users\/3"}],"replies":[{"embeddable":true,"href":"http:\/\/enteculturalsantafesino.com.ar\/usina1\/wp-json\/wp\/v2\/comments?post=12155"}],"version-history":[{"count":0,"href":"http:\/\/enteculturalsantafesino.com.ar\/usina1\/wp-json\/wp\/v2\/posts\/12155\/revisions"}],"wp:featuredmedia":[{"embeddable":true,"href":"http:\/\/enteculturalsantafesino.com.ar\/usina1\/wp-json\/wp\/v2\/media\/12189"}],"wp:attachment":[{"href":"http:\/\/enteculturalsantafesino.com.ar\/usina1\/wp-json\/wp\/v2\/media?parent=12155"}],"wp:term":[{"taxonomy":"category","embeddable":true,"href":"http:\/\/enteculturalsantafesino.com.ar\/usina1\/wp-json\/wp\/v2\/categories?post=12155"},{"taxonomy":"post_tag","embeddable":true,"href":"http:\/\/enteculturalsantafesino.com.ar\/usina1\/wp-json\/wp\/v2\/tags?post=12155"}],"curies":[{"name":"wp","href":"https:\/\/api.w.org\/{rel}","templated":true}]}}