{"id":12194,"date":"2013-12-05T18:25:57","date_gmt":"2013-12-05T18:25:57","guid":{"rendered":"http:\/\/entecultura.com.ar\/usina1\/?p=12194"},"modified":"2013-12-05T19:23:27","modified_gmt":"2013-12-05T19:23:27","slug":"la-fiesta-de-los-pueblos-con-perfume-de-mujer","status":"publish","type":"post","link":"http:\/\/enteculturalsantafesino.com.ar\/usina1\/2013\/12\/la-fiesta-de-los-pueblos-con-perfume-de-mujer\/","title":{"rendered":"La \u00abFiesta de los Pueblos\u00bb con perfume de mujer&#8230;."},"content":{"rendered":"<p><em>Mujeres\u00a0comprometidas, apasionadas&#8230;<a href=\"http:\/\/enteculturalsantafesino.com.ar\/usina1\/wp-content\/uploads\/2013\/12\/22.jpg\" rel=\"lightbox[12194]\"><img loading=\"lazy\" decoding=\"async\" class=\"alignright size-full wp-image-12206\" alt=\"2\" src=\"http:\/\/enteculturalsantafesino.com.ar\/usina1\/wp-content\/uploads\/2013\/12\/22.jpg\" width=\"190\" height=\"160\" \/><\/a><\/em><\/p>\n<p><em>Compa\u00f1eras en la lucha y con tiempo a\u00fan para el amor<br \/>\nA ti, que d\u00eda tras d\u00eda vas al hospital, a la oficina<br \/>\nAl campo, a la f\u00e1brica, a la calle, al mundo a remar<br \/>\nA ti, que aunque llegas a casa extenuada, rendida<br \/>\nTodav\u00eda guardas una sonrisa y reservas para amar<br \/>\nMe viene este canto de lo m\u00e1s profundo de la vida<br \/>\nMadres, hermanas, esposas, hijas, compa\u00f1eras&#8230; Mujer!<\/em><\/p>\n<p><em><span>Durante el acto de la<strong> \u00abFiesta de los Pueblos\u00bb<\/strong> en la jornada del 2 de\u00a0diciembre, la presencia y el compromiso de la mujer desde \u00a0su acci\u00f3n y fortaleza permiti\u00f3 vislumbrar \u00a0la impronta y car\u00e1cter de tres mujeres representativas desde sus espacios y funciones <a href=\"http:\/\/enteculturalsantafesino.com.ar\/usina1\/wp-content\/uploads\/2013\/12\/timthumb.jpg\" rel=\"lightbox[12194]\"><img loading=\"lazy\" decoding=\"async\" class=\"alignright size-medium wp-image-12205\" alt=\"timthumb\" src=\"http:\/\/enteculturalsantafesino.com.ar\/usina1\/wp-content\/uploads\/2013\/12\/timthumb-300x224.jpg\" width=\"300\" height=\"224\" srcset=\"http:\/\/enteculturalsantafesino.com.ar\/usina1\/wp-content\/uploads\/2013\/12\/timthumb-300x224.jpg 300w, http:\/\/enteculturalsantafesino.com.ar\/usina1\/wp-content\/uploads\/2013\/12\/timthumb.jpg 590w\" sizes=\"(max-width: 300px) 100vw, 300px\" \/><\/a>promoviendo cada hecho y proyecto del Ente Cultural<br \/>\n<\/span><\/em><\/p>\n<p><strong>Prof. Alejandra Vismara-Directora de Cultura de El\u00a0Tr\u00e9bol\u00a0\/Presidente del Ente Cultural<\/strong><\/p>\n<p>La palabras de la Directora de Cultura y Educaci\u00f3n de El Tr\u00e9bol y Presidente del Ente Cultural Santafesino repasaron el desarrollo y crecimiento de este organismo a trav\u00e9s de la cultura y su integraci\u00f3n.<\/p>\n<p><em>\u201cEs una fiesta muy especial para nosotros, que la Secretaria de la Naci\u00f3n y que la Diputada Giaccone nos est\u00e9n acompa\u00f1ando quiera distinguir al Ente por el trabajo de estos 5 a\u00f1os, es una caricia al alma\u201d.<\/em><\/p>\n<p><em>\u201cEn la fiesta presentamos los libros, Clave de Cuento, el Cd grabado con 83 m\u00fasicos de la regi\u00f3n Br\u00fajula Cultural, estamos muy felices por este cierre, queremos agradecerles tambi\u00e9n a Maria Elena Troncoso, Secretaria de <a href=\"http:\/\/enteculturalsantafesino.com.ar\/usina1\/wp-content\/uploads\/2013\/12\/1450732_329046893899730_1146978158_n.jpg\" rel=\"lightbox[12194]\"><img loading=\"lazy\" decoding=\"async\" class=\"alignright size-medium wp-image-12203\" alt=\"1450732_329046893899730_1146978158_n\" src=\"http:\/\/enteculturalsantafesino.com.ar\/usina1\/wp-content\/uploads\/2013\/12\/1450732_329046893899730_1146978158_n-200x300.jpg\" width=\"200\" height=\"300\" srcset=\"http:\/\/enteculturalsantafesino.com.ar\/usina1\/wp-content\/uploads\/2013\/12\/1450732_329046893899730_1146978158_n-200x300.jpg 200w, http:\/\/enteculturalsantafesino.com.ar\/usina1\/wp-content\/uploads\/2013\/12\/1450732_329046893899730_1146978158_n.jpg 640w\" sizes=\"(max-width: 200px) 100vw, 200px\" \/><\/a>Cultura de la Naci\u00f3n y tambi\u00e9n a toda la gente de El Tr\u00e9bol que vino a participar y a ustedes los medios por estar siempre con la cultura de nuestra provincia\u201d.<\/em><\/p>\n<p>\u201cTodo esto no se puede lograr desde el personalismo, soy Yo, porque somos nosotros\u201d<\/p>\n<p><strong>Dra. Mar\u00eda Elena Troncoso- Directora Nacional de Acci\u00f3n Federal<\/strong><\/p>\n<p>La Directora Nacional de Acci\u00f3n Federal de la Secretaria de Cultura de la Naci\u00f3n, record\u00f3 las primeras reuniones y sus primeras experiencias con el Ente Cultural para concretar estos logros desde la regionalizaci\u00f3n cultural. <em>\u201cSiento mucha emoci\u00f3n y placer de poder estar aqu\u00ed, ratificando una vez m\u00e1s, que la cultura federal se forja, tambi\u00e9n, desde los peque\u00f1os pueblos \u201cgrandes tesoros de bienes culturales\u201d.<\/em><\/p>\n<p><strong>Lic. Claudia Giaccone- Diputada\u00a0<\/strong><b>Nacional<\/b><\/p>\n<p>La Diputada Nacional manifest\u00f3 su compromiso con este espacio cultural.<\/p>\n<p><em>\u201cNo solo hay que apoyar a los artistas de renombre sino tambi\u00e9n hay que generar opciones culturales en los pueblos, hab\u00eda un desequilibrio, pero con esta telara\u00f1a, con este Ente de Cultura, sumando ideas, m\u00fasica, creo que lo que hacemos es reforzar nuestra identidad y es muy importante poder hacerlo en un teatro de esta magnitud, en la capital, ni mas ni menos, incluyendo a la ciudad de Santa\u00a0Fe<a href=\"http:\/\/enteculturalsantafesino.com.ar\/usina1\/wp-content\/uploads\/2013\/12\/1011668_329046970566389_1423061832_n1.jpg\" rel=\"lightbox[12194]\"><img loading=\"lazy\" decoding=\"async\" class=\"alignright size-medium wp-image-12204\" alt=\"1011668_329046970566389_1423061832_n\" src=\"http:\/\/enteculturalsantafesino.com.ar\/usina1\/wp-content\/uploads\/2013\/12\/1011668_329046970566389_1423061832_n1-200x300.jpg\" width=\"200\" height=\"300\" srcset=\"http:\/\/enteculturalsantafesino.com.ar\/usina1\/wp-content\/uploads\/2013\/12\/1011668_329046970566389_1423061832_n1-200x300.jpg 200w, http:\/\/enteculturalsantafesino.com.ar\/usina1\/wp-content\/uploads\/2013\/12\/1011668_329046970566389_1423061832_n1.jpg 640w\" sizes=\"(max-width: 200px) 100vw, 200px\" \/><\/a>\u201d.<\/em><\/p>\n<p><em>\u201cAc\u00e1 estamos con todos los artistas, apostamos a que los artistas sean \u201cSantafesinos\u201d que sean de los pueblos para poner un equilibrio, esta idea de terminar as\u00ed es un premio a un gran trabajo de 5 a\u00f1os\u201d.<\/em><\/p>\n<p><em>\u201cQue tiene tanto sudor, se puede, hay que trabajar en conjunto, hay que darle valor, hay que romper este cerco y este prejuicio casi nuestro\u201d.<\/em><\/p>\n<p>\u201cEste sue\u00f1o se debe a la perseverancia constante de estos caminantes de la cultura, desde el primer d\u00eda cuentan con mi apoyo y es en este encuentro en donde se vislumbra la verdadera cultura federal. Estoy convencida que debemos acompa\u00f1ar y apoyar a los artistas que provienen de nuestras comunidades, con la fuerza del interior\u2026 Seguiremos: Juntos, M\u00e1s y Mejor!\u201d<\/p>\n<p>&nbsp;<\/p>\n<p>&nbsp;<\/p>\n","protected":false},"excerpt":{"rendered":"<p>Mujeres\u00a0comprometidas, apasionadas&#8230; Compa\u00f1eras en la lucha y con tiempo a\u00fan para el amor A ti, que d\u00eda [&hellip;]<\/p>\n","protected":false},"author":3,"featured_media":12198,"comment_status":"closed","ping_status":"closed","sticky":false,"template":"","format":"standard","meta":{"_jetpack_memberships_contains_paid_content":false,"footnotes":"","jetpack_publicize_message":"","jetpack_publicize_feature_enabled":true,"jetpack_social_post_already_shared":false,"jetpack_social_options":{"image_generator_settings":{"template":"highway","enabled":false}}},"categories":[1,38],"tags":[],"jetpack_publicize_connections":[],"jetpack_sharing_enabled":true,"jetpack_featured_media_url":"http:\/\/enteculturalsantafesino.com.ar\/usina1\/wp-content\/uploads\/2013\/12\/21.jpg","_links":{"self":[{"href":"http:\/\/enteculturalsantafesino.com.ar\/usina1\/wp-json\/wp\/v2\/posts\/12194"}],"collection":[{"href":"http:\/\/enteculturalsantafesino.com.ar\/usina1\/wp-json\/wp\/v2\/posts"}],"about":[{"href":"http:\/\/enteculturalsantafesino.com.ar\/usina1\/wp-json\/wp\/v2\/types\/post"}],"author":[{"embeddable":true,"href":"http:\/\/enteculturalsantafesino.com.ar\/usina1\/wp-json\/wp\/v2\/users\/3"}],"replies":[{"embeddable":true,"href":"http:\/\/enteculturalsantafesino.com.ar\/usina1\/wp-json\/wp\/v2\/comments?post=12194"}],"version-history":[{"count":0,"href":"http:\/\/enteculturalsantafesino.com.ar\/usina1\/wp-json\/wp\/v2\/posts\/12194\/revisions"}],"wp:featuredmedia":[{"embeddable":true,"href":"http:\/\/enteculturalsantafesino.com.ar\/usina1\/wp-json\/wp\/v2\/media\/12198"}],"wp:attachment":[{"href":"http:\/\/enteculturalsantafesino.com.ar\/usina1\/wp-json\/wp\/v2\/media?parent=12194"}],"wp:term":[{"taxonomy":"category","embeddable":true,"href":"http:\/\/enteculturalsantafesino.com.ar\/usina1\/wp-json\/wp\/v2\/categories?post=12194"},{"taxonomy":"post_tag","embeddable":true,"href":"http:\/\/enteculturalsantafesino.com.ar\/usina1\/wp-json\/wp\/v2\/tags?post=12194"}],"curies":[{"name":"wp","href":"https:\/\/api.w.org\/{rel}","templated":true}]}}