{"id":12210,"date":"2013-12-06T22:30:43","date_gmt":"2013-12-06T22:30:43","guid":{"rendered":"http:\/\/entecultura.com.ar\/usina1\/?p=12210"},"modified":"2013-12-06T22:31:22","modified_gmt":"2013-12-06T22:31:22","slug":"ambito-c-se-despidio-del-ciclo-2013","status":"publish","type":"post","link":"http:\/\/enteculturalsantafesino.com.ar\/usina1\/2013\/12\/ambito-c-se-despidio-del-ciclo-2013\/","title":{"rendered":"\u00ab\u00c1mbito C\u00bb se despidi\u00f3 del ciclo 2013"},"content":{"rendered":"<p>Este\u00a0<strong>viernes 6\u00a0<\/strong>de 11 a 12 hs en los estudios de\u00a0<strong>FM Contacto 100.9-Las Parejas,\u00a0<\/strong>se desarroll\u00f3 el \u00faltimo programa del ciclo radial 2013,<a href=\"http:\/\/enteculturalsantafesino.com.ar\/usina1\/wp-content\/uploads\/2013\/12\/Ambito-C-011.jpg\" rel=\"lightbox[12210]\"><img loading=\"lazy\" decoding=\"async\" class=\"alignright size-medium wp-image-12211\" alt=\"Ambito C 011\" src=\"http:\/\/enteculturalsantafesino.com.ar\/usina1\/wp-content\/uploads\/2013\/12\/Ambito-C-011-300x225.jpg\" width=\"300\" height=\"225\" srcset=\"http:\/\/enteculturalsantafesino.com.ar\/usina1\/wp-content\/uploads\/2013\/12\/Ambito-C-011-300x225.jpg 300w, http:\/\/enteculturalsantafesino.com.ar\/usina1\/wp-content\/uploads\/2013\/12\/Ambito-C-011-1024x768.jpg 1024w, http:\/\/enteculturalsantafesino.com.ar\/usina1\/wp-content\/uploads\/2013\/12\/Ambito-C-011.jpg 1200w\" sizes=\"(max-width: 300px) 100vw, 300px\" \/><\/a>producido por el\u00a0<strong>Ente Cultural Santafesino<\/strong>,<\/p>\n<p>conducido por el\u00a0<em>Prof. Fernando Banegas y Gustavo Bertorrello<\/em>\u00a0, auspiciado por la\u00a0<em><strong>Diputada Nacional Lic. Claudia Giaccone<\/strong>.<\/em><\/p>\n<p><strong>\u201cAmbito C\u201d<\/strong>\u00a0propone la relaci\u00f3n y difusi\u00f3n de las diversas actividades culturales de las 32 comunidades que integran dicho organismo cultural santafesino las cuales se encuentran distribuidas en 4 Usinas Culturales.<\/p>\n<p>Con la presencia de la <strong>Prof. Alejandra Vismara &#8211; Directora de Cultura y Educaci\u00f3n de El Tr\u00e9bol y de Leonardo Carroza- Secretario de Cultura de Mar\u00eda Susana<\/strong>, durante una hora \u00abtodas las voces\u00bb de las distintas comunidades que conforman este espacio cultural santafesino, fueron interactuando y dejando los saludos y expresando la alegr\u00eda del a\u00f1o compartido.<\/p>\n<p>En un 2013 cargado de actividades, logros, emociones y hechos culturales; <strong>\u00ab\u00c1mbito C\u00bb<\/strong> quiere agradecer a:<\/p>\n<p>A toda la gran familia de FM Contacto-100.9-Las Parejas: Luis Blanco, Ileana Paglieta,Augusto Ch\u00e1vez.<\/p>\n<p><strong>-Diputada Nacional Claudia Giaccone<\/strong><\/p>\n<p><strong>-Secretaria de Cultura de la Naci\u00f3n<\/strong><\/p>\n<p><em><strong>-Senadores Provinciales: Cristina Berra-San Mart\u00edn, Alcides Calvo- Castellanos, Alberto Crossetti-Belgrano<\/strong><\/em><\/p>\n<p><b><i>A cada uno de los Secretarios y Directores Culturales:<\/i><\/b> <strong>Alejandra, Leonardo, Mariano, Raquel, Flavia, Humberto, Luciana, Tamara, Carlos (Chula), Romina, Guillermina, Carolina, Erika, Fernanda, Gabriela, Aldo, Laura, Catalina, Elaine, Juan Carlos, Nora, Josefina, Mar\u00eda Rosa, Martha, Adri\u00e1n, Juancito, Maximiliano, Adriana y Nelda.<\/strong><\/p>\n<p><strong>A Todos!\u00a0Muchas Gracias!<\/strong><\/p>\n<p><em>Seguiremos en la b\u00fasqueda de borrar fronteras\u2026Juntos, M\u00e1s y Mejor!<\/em><\/p>\n<p>&nbsp;<\/p>\n<p>&nbsp;<\/p>\n","protected":false},"excerpt":{"rendered":"<p>Este\u00a0viernes 6\u00a0de 11 a 12 hs en los estudios de\u00a0FM Contacto 100.9-Las Parejas,\u00a0se desarroll\u00f3 el \u00faltimo programa [&hellip;]<\/p>\n","protected":false},"author":3,"featured_media":12211,"comment_status":"closed","ping_status":"closed","sticky":false,"template":"","format":"standard","meta":{"_jetpack_memberships_contains_paid_content":false,"footnotes":"","jetpack_publicize_message":"","jetpack_publicize_feature_enabled":true,"jetpack_social_post_already_shared":false,"jetpack_social_options":{"image_generator_settings":{"template":"highway","enabled":false}}},"categories":[38],"tags":[],"jetpack_publicize_connections":[],"jetpack_sharing_enabled":true,"jetpack_featured_media_url":"http:\/\/enteculturalsantafesino.com.ar\/usina1\/wp-content\/uploads\/2013\/12\/Ambito-C-011.jpg","_links":{"self":[{"href":"http:\/\/enteculturalsantafesino.com.ar\/usina1\/wp-json\/wp\/v2\/posts\/12210"}],"collection":[{"href":"http:\/\/enteculturalsantafesino.com.ar\/usina1\/wp-json\/wp\/v2\/posts"}],"about":[{"href":"http:\/\/enteculturalsantafesino.com.ar\/usina1\/wp-json\/wp\/v2\/types\/post"}],"author":[{"embeddable":true,"href":"http:\/\/enteculturalsantafesino.com.ar\/usina1\/wp-json\/wp\/v2\/users\/3"}],"replies":[{"embeddable":true,"href":"http:\/\/enteculturalsantafesino.com.ar\/usina1\/wp-json\/wp\/v2\/comments?post=12210"}],"version-history":[{"count":0,"href":"http:\/\/enteculturalsantafesino.com.ar\/usina1\/wp-json\/wp\/v2\/posts\/12210\/revisions"}],"wp:featuredmedia":[{"embeddable":true,"href":"http:\/\/enteculturalsantafesino.com.ar\/usina1\/wp-json\/wp\/v2\/media\/12211"}],"wp:attachment":[{"href":"http:\/\/enteculturalsantafesino.com.ar\/usina1\/wp-json\/wp\/v2\/media?parent=12210"}],"wp:term":[{"taxonomy":"category","embeddable":true,"href":"http:\/\/enteculturalsantafesino.com.ar\/usina1\/wp-json\/wp\/v2\/categories?post=12210"},{"taxonomy":"post_tag","embeddable":true,"href":"http:\/\/enteculturalsantafesino.com.ar\/usina1\/wp-json\/wp\/v2\/tags?post=12210"}],"curies":[{"name":"wp","href":"https:\/\/api.w.org\/{rel}","templated":true}]}}