{"id":12216,"date":"2013-12-09T15:07:19","date_gmt":"2013-12-09T15:07:19","guid":{"rendered":"http:\/\/entecultura.com.ar\/usina1\/?p=12216"},"modified":"2013-12-09T15:08:08","modified_gmt":"2013-12-09T15:08:08","slug":"totoras-43o-fiesta-nacional-de-la-leche-y-2o-fiesta-del-queso-azul","status":"publish","type":"post","link":"http:\/\/enteculturalsantafesino.com.ar\/usina1\/2013\/12\/totoras-43o-fiesta-nacional-de-la-leche-y-2o-fiesta-del-queso-azul\/","title":{"rendered":"Totoras: 43\u00ba Fiesta Nacional de la Leche y 2\u00ba Fiesta del Queso Azul"},"content":{"rendered":"<p><strong>Abel Pintos y Cherutti en la noche central<a href=\"http:\/\/enteculturalsantafesino.com.ar\/usina1\/wp-content\/uploads\/2013\/12\/1474401_623110074415934_179141776_n.jpg\" rel=\"lightbox[12216]\"><img loading=\"lazy\" decoding=\"async\" class=\"alignright size-medium wp-image-12217\" alt=\"1474401_623110074415934_179141776_n\" src=\"http:\/\/enteculturalsantafesino.com.ar\/usina1\/wp-content\/uploads\/2013\/12\/1474401_623110074415934_179141776_n-206x300.jpg\" width=\"206\" height=\"300\" srcset=\"http:\/\/enteculturalsantafesino.com.ar\/usina1\/wp-content\/uploads\/2013\/12\/1474401_623110074415934_179141776_n-206x300.jpg 206w, http:\/\/enteculturalsantafesino.com.ar\/usina1\/wp-content\/uploads\/2013\/12\/1474401_623110074415934_179141776_n.jpg 480w\" sizes=\"(max-width: 206px) 100vw, 206px\" \/><\/a><\/strong><br \/>\nLos espect\u00e1culos centrales de la 43\u00ba Fiesta Nacional de la Leche y 2\u00ba Fiesta del Queso Azul tuvieron como protagonistas a Miguel Angel Cherutti, con su show humor\u00edstico musical Inimitable, y al artista musical del a\u00f1o, Abel Pintos.<br \/>\nEl reciente ganador del Gardel de Oro present\u00f3 su espect\u00e1culo parte de la gira Reevoluci\u00f3n Sue\u00f1o Dorado, m\u00e1s su \u00faltima producci\u00f3n ABEL y los cl\u00e1sicos de siempre. Ante un marco imponente de p\u00fablico, con casi 8 mil personas en el predio del UFC, Pintos demostr\u00f3 no s\u00f3lo su calidad art\u00edstica, sino tambi\u00e9n su calidad humana.<br \/>\nEl intendente Horacio Carnevali le entreg\u00f3 la distinci\u00f3n de \u201cVisitante distinguido\u201d y tambi\u00e9n recibi\u00f3 de regalo un cuadro del artista local Federico Isele.<br \/>\nEn tanto, la programaci\u00f3n para el domingo, con Los Huayra como atracci\u00f3n central, tuvo que suspenderse por las condiciones clim\u00e1ticas.<\/p>\n<p><strong>Valentina Barbero se convirti\u00f3 en nueva Reina Nacional de la Leche<\/strong><\/p>\n<p>La joven totorense Valentina Barbero ser\u00e1 quien representar\u00e1 a la Fiesta Nacional de la Leche durante todo el a\u00f1o. La acompa\u00f1ar\u00e1n en su reinado la 1\u00ba Princesa, Melanie Huens, la 2\u00ba Princesa, Delfina Lorenzotti, Miss Elegancia Estefania Cotica, Miss Simpat\u00eda, Marianela Pereyra. <a href=\"http:\/\/enteculturalsantafesino.com.ar\/usina1\/wp-content\/uploads\/2013\/12\/1426744_623109927749282_295315220_n.jpg\" rel=\"lightbox[12216]\"><img loading=\"lazy\" decoding=\"async\" class=\"alignright size-medium wp-image-12218\" alt=\"1426744_623109927749282_295315220_n\" src=\"http:\/\/enteculturalsantafesino.com.ar\/usina1\/wp-content\/uploads\/2013\/12\/1426744_623109927749282_295315220_n-206x300.jpg\" width=\"206\" height=\"300\" srcset=\"http:\/\/enteculturalsantafesino.com.ar\/usina1\/wp-content\/uploads\/2013\/12\/1426744_623109927749282_295315220_n-206x300.jpg 206w, http:\/\/enteculturalsantafesino.com.ar\/usina1\/wp-content\/uploads\/2013\/12\/1426744_623109927749282_295315220_n.jpg 480w\" sizes=\"(max-width: 206px) 100vw, 206px\" \/><\/a><br \/>\nFueron elegidas entre 20 postulantes por un prestigioso jurado. La Fiesta recibi\u00f3 a 50 Reinas Nacionales que llegaron desde distintos puntos del pa\u00eds.<\/p>\n<p><strong>Desfile de artistas locales<\/strong><br \/>\nLuego del acto inaugural, con la presencia de las autoridades y la Banda de M\u00fasica Parroquial Municipal, se desarrollaron los espect\u00e1culos de apertura de la Fiesta Nacional de la Leche, con la presentaci\u00f3n de su himno Oro Blanco, a cargo del grupo liderado por Claudio Cachiotta, Cusifai. Parejas de baile, el Ballet Folcl\u00f3rico Totoras dirigido por Celia Di Capua prepararon la gran noche.<br \/>\nSobre el final, el sorteo de los autos 0km recay\u00f3 sobre dos ganadores: Edgardo Santinelli y Cristian Leiva.<\/p>\n<p><strong><a href=\"http:\/\/enteculturalsantafesino.com.ar\/usina1\/wp-content\/uploads\/2013\/12\/1504086_460141184090448_1964615076_n.jpg\" rel=\"lightbox[12216]\"><img loading=\"lazy\" decoding=\"async\" class=\"alignleft size-medium wp-image-12220\" alt=\"1504086_460141184090448_1964615076_n\" src=\"http:\/\/enteculturalsantafesino.com.ar\/usina1\/wp-content\/uploads\/2013\/12\/1504086_460141184090448_1964615076_n-300x225.jpg\" width=\"300\" height=\"225\" srcset=\"http:\/\/enteculturalsantafesino.com.ar\/usina1\/wp-content\/uploads\/2013\/12\/1504086_460141184090448_1964615076_n-300x225.jpg 300w, http:\/\/enteculturalsantafesino.com.ar\/usina1\/wp-content\/uploads\/2013\/12\/1504086_460141184090448_1964615076_n.jpg 960w\" sizes=\"(max-width: 300px) 100vw, 300px\" \/><\/a><\/strong><\/p>\n<p>&nbsp;<\/p>\n<p>&nbsp;<\/p>\n<p>&nbsp;<\/p>\n<p><strong>Concurso de Quesos<\/strong><\/p>\n<p>En el marco de la celebraci\u00f3n de la Fiesta Nacional de la Leche, se realiz\u00f3 el 4to Concurso de Quesos que dio como resultado un nuevo Queso del A\u00f1o. Se trata del Fontina L\u00e1cteos Pinasco de la empresa JAP SRL el cual obtuvo el mayor puntaje. Se entregaron medallas a los 1\u00ba, 2\u00ba y 3\u00ba premios y diplomas a los participantes.<\/p>\n","protected":false},"excerpt":{"rendered":"<p>Abel Pintos y Cherutti en la noche central Los espect\u00e1culos centrales de la 43\u00ba Fiesta Nacional de [&hellip;]<\/p>\n","protected":false},"author":3,"featured_media":12219,"comment_status":"closed","ping_status":"closed","sticky":false,"template":"","format":"standard","meta":{"_jetpack_memberships_contains_paid_content":false,"footnotes":"","jetpack_publicize_message":"","jetpack_publicize_feature_enabled":true,"jetpack_social_post_already_shared":false,"jetpack_social_options":{"image_generator_settings":{"template":"highway","enabled":false}}},"categories":[27],"tags":[],"jetpack_publicize_connections":[],"jetpack_sharing_enabled":true,"jetpack_featured_media_url":"http:\/\/enteculturalsantafesino.com.ar\/usina1\/wp-content\/uploads\/2013\/12\/1486800_565901083484992_254756175_n.jpg","_links":{"self":[{"href":"http:\/\/enteculturalsantafesino.com.ar\/usina1\/wp-json\/wp\/v2\/posts\/12216"}],"collection":[{"href":"http:\/\/enteculturalsantafesino.com.ar\/usina1\/wp-json\/wp\/v2\/posts"}],"about":[{"href":"http:\/\/enteculturalsantafesino.com.ar\/usina1\/wp-json\/wp\/v2\/types\/post"}],"author":[{"embeddable":true,"href":"http:\/\/enteculturalsantafesino.com.ar\/usina1\/wp-json\/wp\/v2\/users\/3"}],"replies":[{"embeddable":true,"href":"http:\/\/enteculturalsantafesino.com.ar\/usina1\/wp-json\/wp\/v2\/comments?post=12216"}],"version-history":[{"count":0,"href":"http:\/\/enteculturalsantafesino.com.ar\/usina1\/wp-json\/wp\/v2\/posts\/12216\/revisions"}],"wp:featuredmedia":[{"embeddable":true,"href":"http:\/\/enteculturalsantafesino.com.ar\/usina1\/wp-json\/wp\/v2\/media\/12219"}],"wp:attachment":[{"href":"http:\/\/enteculturalsantafesino.com.ar\/usina1\/wp-json\/wp\/v2\/media?parent=12216"}],"wp:term":[{"taxonomy":"category","embeddable":true,"href":"http:\/\/enteculturalsantafesino.com.ar\/usina1\/wp-json\/wp\/v2\/categories?post=12216"},{"taxonomy":"post_tag","embeddable":true,"href":"http:\/\/enteculturalsantafesino.com.ar\/usina1\/wp-json\/wp\/v2\/tags?post=12216"}],"curies":[{"name":"wp","href":"https:\/\/api.w.org\/{rel}","templated":true}]}}