{"id":12223,"date":"2013-12-10T14:52:13","date_gmt":"2013-12-10T14:52:13","guid":{"rendered":"http:\/\/entecultura.com.ar\/usina1\/?p=12223"},"modified":"2013-12-10T14:52:13","modified_gmt":"2013-12-10T14:52:13","slug":"canada-de-gomez-visite-la-muestra-internacional-arte-correo","status":"publish","type":"post","link":"http:\/\/enteculturalsantafesino.com.ar\/usina1\/2013\/12\/canada-de-gomez-visite-la-muestra-internacional-arte-correo\/","title":{"rendered":"Ca\u00f1ada de G\u00f3mez: Visite la muestra internacional Arte Correo"},"content":{"rendered":"<p>El viernes 6 de diciembre, qued\u00f3 inaugurada en el MAC la tercera muestra internacional ARTE CORREO. La misma contiene m\u00e1s de 500 obras<a href=\"http:\/\/enteculturalsantafesino.com.ar\/usina1\/wp-content\/uploads\/2013\/12\/1459930_390616201073493_152088896_n.jpg\" rel=\"lightbox[12223]\"><img loading=\"lazy\" decoding=\"async\" class=\"alignright size-medium wp-image-12224\" alt=\"1459930_390616201073493_152088896_n\" src=\"http:\/\/enteculturalsantafesino.com.ar\/usina1\/wp-content\/uploads\/2013\/12\/1459930_390616201073493_152088896_n-200x300.jpg\" width=\"200\" height=\"300\" srcset=\"http:\/\/enteculturalsantafesino.com.ar\/usina1\/wp-content\/uploads\/2013\/12\/1459930_390616201073493_152088896_n-200x300.jpg 200w, http:\/\/enteculturalsantafesino.com.ar\/usina1\/wp-content\/uploads\/2013\/12\/1459930_390616201073493_152088896_n.jpg 480w\" sizes=\"(max-width: 200px) 100vw, 200px\" \/><\/a> realizadas por 300 artistas representantes de 36 pa\u00edses, est\u00e1 coordinada por Marcela Peral y Rosa Gravino. Cuenta con poemas visuales, postales, sobres art\u00edsticos, estampillas de artistas, libros, revistas y otras experiencias colaborativas.<\/p>\n<p>El ARTE CORREO consiste en un intercambio directo entre los artistas sobre la base de ciertos c\u00f3digos: No se vende, no se devuelve y no hay jurado ni selecci\u00f3n. Esas condiciones son las que preservan la pureza de su esencia.<\/p>\n<p>La muestra se podr\u00e1 visitar hasta el 22 de diciembre, de lunes a viernes, de 18 a 20 horas, s\u00e1bados, domingos y feriados de 17 a 20.<\/p>\n<p>Entrada libre y gratuita<\/p>\n","protected":false},"excerpt":{"rendered":"<p>El viernes 6 de diciembre, qued\u00f3 inaugurada en el MAC la tercera muestra internacional ARTE CORREO. La [&hellip;]<\/p>\n","protected":false},"author":3,"featured_media":12224,"comment_status":"closed","ping_status":"closed","sticky":false,"template":"","format":"standard","meta":{"_jetpack_memberships_contains_paid_content":false,"footnotes":"","jetpack_publicize_message":"","jetpack_publicize_feature_enabled":true,"jetpack_social_post_already_shared":false,"jetpack_social_options":{"image_generator_settings":{"template":"highway","enabled":false}}},"categories":[11],"tags":[],"jetpack_publicize_connections":[],"jetpack_sharing_enabled":true,"jetpack_featured_media_url":"http:\/\/enteculturalsantafesino.com.ar\/usina1\/wp-content\/uploads\/2013\/12\/1459930_390616201073493_152088896_n.jpg","_links":{"self":[{"href":"http:\/\/enteculturalsantafesino.com.ar\/usina1\/wp-json\/wp\/v2\/posts\/12223"}],"collection":[{"href":"http:\/\/enteculturalsantafesino.com.ar\/usina1\/wp-json\/wp\/v2\/posts"}],"about":[{"href":"http:\/\/enteculturalsantafesino.com.ar\/usina1\/wp-json\/wp\/v2\/types\/post"}],"author":[{"embeddable":true,"href":"http:\/\/enteculturalsantafesino.com.ar\/usina1\/wp-json\/wp\/v2\/users\/3"}],"replies":[{"embeddable":true,"href":"http:\/\/enteculturalsantafesino.com.ar\/usina1\/wp-json\/wp\/v2\/comments?post=12223"}],"version-history":[{"count":0,"href":"http:\/\/enteculturalsantafesino.com.ar\/usina1\/wp-json\/wp\/v2\/posts\/12223\/revisions"}],"wp:featuredmedia":[{"embeddable":true,"href":"http:\/\/enteculturalsantafesino.com.ar\/usina1\/wp-json\/wp\/v2\/media\/12224"}],"wp:attachment":[{"href":"http:\/\/enteculturalsantafesino.com.ar\/usina1\/wp-json\/wp\/v2\/media?parent=12223"}],"wp:term":[{"taxonomy":"category","embeddable":true,"href":"http:\/\/enteculturalsantafesino.com.ar\/usina1\/wp-json\/wp\/v2\/categories?post=12223"},{"taxonomy":"post_tag","embeddable":true,"href":"http:\/\/enteculturalsantafesino.com.ar\/usina1\/wp-json\/wp\/v2\/tags?post=12223"}],"curies":[{"name":"wp","href":"https:\/\/api.w.org\/{rel}","templated":true}]}}